{"id":7646,"date":"2023-05-30T10:04:45","date_gmt":"2023-05-30T08:04:45","guid":{"rendered":"https:\/\/roquetes.cat\/web\/?p=7646"},"modified":"2023-05-30T10:16:00","modified_gmt":"2023-05-30T08:16:00","slug":"ajuda-per-a-alumnes-amb-necessitats-especifiques-de-suport-educatiu","status":"publish","type":"post","link":"https:\/\/roquetes.cat\/web\/ajuda-per-a-alumnes-amb-necessitats-especifiques-de-suport-educatiu\/","title":{"rendered":"Ajuda per a alumnes amb necessitats espec\u00edfiques de suport educatiu"},"content":{"rendered":"<h4 style=\"text-align: center;\"><span style=\"font-weight: 400;\">S\u00f3n prestacions en forma d\u2019ajudes directes o subsidis, on la quantia variar\u00e0 depenent de cada situaci\u00f3.<\/span><\/h4>\n<h4><\/h4>\n<h4 style=\"text-align: left;\">Estan dirigides a persones que presenten una necessitat espec\u00edfica de rebre suport educatiu derivat d\u2019alguna d\u2019aquestes situacions:<\/h4>\n<ul>\n<li style=\"font-weight: 400;\" aria-level=\"1\"><span style=\"font-weight: 400;\">Situaci\u00f3 reconeguda de discapacitat +33%<\/span><\/li>\n<li style=\"font-weight: 400;\" aria-level=\"1\"><span style=\"font-weight: 400;\">Trastorn greu de la conducta o de la comunicaci\u00f3 i del llenguatge<\/span><\/li>\n<li style=\"font-weight: 400;\" aria-level=\"1\"><span style=\"font-weight: 400;\">Trastorn de l\u2019espectre autista<\/span><\/li>\n<li style=\"font-weight: 400;\" aria-level=\"1\"><span style=\"font-weight: 400;\">Altes capacitats\u00a0<\/span><\/li>\n<\/ul>\n<p>&nbsp;<\/p>\n<p><span style=\"font-weight: 400;\">Comprenen els nivells d\u2019estudis d\u2019Educaci\u00f3 Infantil, Prim\u00e0ria, Secund\u00e0ria, Batxillerat, Cicles Formatius de Grau B\u00e0sic, Mitj\u00e0 i Superior, Formaci\u00f3 Professional (FP) o programes de formaci\u00f3 per a la transici\u00f3 a la vida adulta. No s\u2019inclouen estudis universitaris.\u00a0<\/span><\/p>\n<ul>\n<li style=\"font-weight: 400;\" aria-level=\"1\"><span style=\"font-weight: 400;\">Els estudiants d\u2019altes capacitats ho poden sol\u00b7licitar sempre i quan estiguin cursant ESO, Batxillerat, CFGM, CFGS i ensenyaments art\u00edstics professionals.<\/span><\/li>\n<\/ul>\n<p>&nbsp;<\/p>\n<p><span style=\"font-weight: 400;\">Per consultar altres bases, saber els terminis i requisits espec\u00edfics, accedeix al seg\u00fcent enlla\u00e7: <\/span><a href=\"https:\/\/www.becaseducacion.gob.es\/becas-y-ayudas.html\"><span style=\"font-weight: 400;\">Becas y ayudas &#8211; Becas y ayudas para estudiantes | Ministerio de Educaci\u00f3n y Formaci\u00f3n Profesional (becaseducacion.gob.es)<\/span><\/a><\/p>\n","protected":false},"excerpt":{"rendered":"<p>S\u00f3n prestacions en forma d\u2019ajudes directes o subsidis, on la quantia variar\u00e0 depenent de cada situaci\u00f3. Estan dirigides a persones que presenten una necessitat espec\u00edfica de rebre suport educatiu derivat d\u2019alguna d\u2019aquestes situacions: Situaci\u00f3 reconeguda de discapacitat +33% Trastorn greu de la conducta o de la comunicaci\u00f3 i del llenguatge Trastorn de l\u2019espectre autista Altes [&hellip;]<\/p>\n","protected":false},"author":2,"featured_media":7650,"comment_status":"closed","ping_status":"closed","sticky":false,"template":"","format":"standard","meta":{"_et_pb_use_builder":"","_et_pb_old_content":"","_et_gb_content_width":"","footnotes":""},"categories":[59],"tags":[],"class_list":["post-7646","post","type-post","status-publish","format-standard","has-post-thumbnail","hentry","category-ajudes-i-subvencions"],"_links":{"self":[{"href":"https:\/\/roquetes.cat\/web\/wp-json\/wp\/v2\/posts\/7646","targetHints":{"allow":["GET"]}}],"collection":[{"href":"https:\/\/roquetes.cat\/web\/wp-json\/wp\/v2\/posts"}],"about":[{"href":"https:\/\/roquetes.cat\/web\/wp-json\/wp\/v2\/types\/post"}],"author":[{"embeddable":true,"href":"https:\/\/roquetes.cat\/web\/wp-json\/wp\/v2\/users\/2"}],"replies":[{"embeddable":true,"href":"https:\/\/roquetes.cat\/web\/wp-json\/wp\/v2\/comments?post=7646"}],"version-history":[{"count":11,"href":"https:\/\/roquetes.cat\/web\/wp-json\/wp\/v2\/posts\/7646\/revisions"}],"predecessor-version":[{"id":7669,"href":"https:\/\/roquetes.cat\/web\/wp-json\/wp\/v2\/posts\/7646\/revisions\/7669"}],"wp:featuredmedia":[{"embeddable":true,"href":"https:\/\/roquetes.cat\/web\/wp-json\/wp\/v2\/media\/7650"}],"wp:attachment":[{"href":"https:\/\/roquetes.cat\/web\/wp-json\/wp\/v2\/media?parent=7646"}],"wp:term":[{"taxonomy":"category","embeddable":true,"href":"https:\/\/roquetes.cat\/web\/wp-json\/wp\/v2\/categories?post=7646"},{"taxonomy":"post_tag","embeddable":true,"href":"https:\/\/roquetes.cat\/web\/wp-json\/wp\/v2\/tags?post=7646"}],"curies":[{"name":"wp","href":"https:\/\/api.w.org\/{rel}","templated":true}]}}