{"id":7023,"date":"2023-05-22T14:59:53","date_gmt":"2023-05-22T12:59:53","guid":{"rendered":"https:\/\/roquetes.cat\/web\/?p=7023"},"modified":"2023-05-22T15:27:09","modified_gmt":"2023-05-22T13:27:09","slug":"bases-per-a-la-seleccio-mitjancant-concurs-oposicio-lliure-duna-placa-de-tecnic-a-auxiliar-informatica-de-lajuntament-de-roquetes","status":"publish","type":"post","link":"https:\/\/roquetes.cat\/web\/bases-per-a-la-seleccio-mitjancant-concurs-oposicio-lliure-duna-placa-de-tecnic-a-auxiliar-informatica-de-lajuntament-de-roquetes\/","title":{"rendered":"BASES PER A LA SELECCI\u00d3, MITJAN\u00c7ANT CONCURS OPOSICI\u00d3 LLIURE, D\u2019UNA PLA\u00c7A DE T\u00c8CNIC\/A AUXILIAR INFORM\u00c0TICA DE L\u2019AJUNTAMENT DE ROQUETES"},"content":{"rendered":"<p><a href=\"https:\/\/roquetes.cat\/web\/wp-content\/uploads\/2023\/05\/Publicacio_bases_placa_informatic-a.pdf\" target=\"_blank\" rel=\"noopener\">Bases que han de regir la selecci\u00f3,\u00a0<span style=\"font-family: Arial, sans-serif;\">mitjan\u00e7ant concurs oposici\u00f3, modalitat d&#8217;acc\u00e9s lliure, d&#8217;una pla\u00e7a de t\u00e8cnic\/a auxiliar Inform\u00e0tica, vacant a la plantilla de personal funcionari de l&#8217;Ajuntament de Roquetes, enquadrada en l&#8217;Escala d&#8217;Administraci\u00f3 General, Subescala T\u00e8cnica, Subgrup C1, i la convocat\u00f2ria corresponent.<\/span><\/a><\/p>\n<p class=\"western\" align=\"justify\"><a href=\"https:\/\/roquetes.cat\/web\/wp-content\/uploads\/2023\/05\/Model-Sollicitud_TECNIC-INFORMATIC.pdf\" target=\"_blank\" rel=\"noopener\"><span style=\"font-family: Arial, sans-serif;\">Annex II. Model Sol\u00b7licitud<\/span><\/a><\/p>\n<p class=\"western\" align=\"justify\"><a href=\"https:\/\/roquetes.cat\/web\/wp-content\/uploads\/2023\/05\/Sollicitud-annex-merits_TECNIC-INFORMATIC.pdf\"><span style=\"font-family: Arial, sans-serif;\">Quadre dels m\u00e8rits al\u00b7legats<\/span><\/a><\/p>\n","protected":false},"excerpt":{"rendered":"<p>Bases que han de regir la selecci\u00f3,\u00a0mitjan\u00e7ant concurs oposici\u00f3, modalitat d&#8217;acc\u00e9s lliure, d&#8217;una pla\u00e7a de t\u00e8cnic\/a auxiliar Inform\u00e0tica, vacant a la plantilla de personal funcionari de l&#8217;Ajuntament de Roquetes, enquadrada en l&#8217;Escala d&#8217;Administraci\u00f3 General, Subescala T\u00e8cnica, Subgrup C1, i la convocat\u00f2ria corresponent. Annex II. Model Sol\u00b7licitud Quadre dels m\u00e8rits al\u00b7legats<\/p>\n","protected":false},"author":2,"featured_media":989,"comment_status":"closed","ping_status":"closed","sticky":false,"template":"","format":"standard","meta":{"_et_pb_use_builder":"","_et_pb_old_content":"","_et_gb_content_width":"","footnotes":""},"categories":[38],"tags":[],"class_list":["post-7023","post","type-post","status-publish","format-standard","has-post-thumbnail","hentry","category-secretaria"],"_links":{"self":[{"href":"https:\/\/roquetes.cat\/web\/wp-json\/wp\/v2\/posts\/7023","targetHints":{"allow":["GET"]}}],"collection":[{"href":"https:\/\/roquetes.cat\/web\/wp-json\/wp\/v2\/posts"}],"about":[{"href":"https:\/\/roquetes.cat\/web\/wp-json\/wp\/v2\/types\/post"}],"author":[{"embeddable":true,"href":"https:\/\/roquetes.cat\/web\/wp-json\/wp\/v2\/users\/2"}],"replies":[{"embeddable":true,"href":"https:\/\/roquetes.cat\/web\/wp-json\/wp\/v2\/comments?post=7023"}],"version-history":[{"count":1,"href":"https:\/\/roquetes.cat\/web\/wp-json\/wp\/v2\/posts\/7023\/revisions"}],"predecessor-version":[{"id":7027,"href":"https:\/\/roquetes.cat\/web\/wp-json\/wp\/v2\/posts\/7023\/revisions\/7027"}],"wp:featuredmedia":[{"embeddable":true,"href":"https:\/\/roquetes.cat\/web\/wp-json\/wp\/v2\/media\/989"}],"wp:attachment":[{"href":"https:\/\/roquetes.cat\/web\/wp-json\/wp\/v2\/media?parent=7023"}],"wp:term":[{"taxonomy":"category","embeddable":true,"href":"https:\/\/roquetes.cat\/web\/wp-json\/wp\/v2\/categories?post=7023"},{"taxonomy":"post_tag","embeddable":true,"href":"https:\/\/roquetes.cat\/web\/wp-json\/wp\/v2\/tags?post=7023"}],"curies":[{"name":"wp","href":"https:\/\/api.w.org\/{rel}","templated":true}]}}