{"id":4551,"date":"2023-04-24T08:00:13","date_gmt":"2023-04-24T06:00:13","guid":{"rendered":"https:\/\/roquetes.cat\/web\/?p=4551"},"modified":"2023-06-15T14:32:48","modified_gmt":"2023-06-15T12:32:48","slug":"cafe-digital-xerrada-sobre-ajuts-kit-digital-dirigida-a-autonoms-i-petites-empreses","status":"publish","type":"post","link":"https:\/\/roquetes.cat\/web\/cafe-digital-xerrada-sobre-ajuts-kit-digital-dirigida-a-autonoms-i-petites-empreses\/","title":{"rendered":"CAF\u00c8 DIGITAL: Xerrada sobre Ajuts Kit Digital dirigida a aut\u00f2noms i petites empreses."},"content":{"rendered":"<p><b>Dijous 4 de Maig de 20:00 a 21:00 hores a l&#8217;Ajuntament de Roquetes.<\/b><\/p>\n<p>Jornada de sensibilitzaci\u00f3 dirigida a aut\u00f2noms i petites empreses del territori.<\/p>\n<p><strong>Descripci\u00f3<\/strong><strong>:\u00a0<\/strong><span data-contrast=\"auto\">Acte destinat a sensibilitzar sobre la import\u00e0ncia d\u2019un model de negoci que tingui com a base <strong>la pres\u00e8ncia a internet i obrir el cam\u00ed cap a la transformaci\u00f3 digital.<\/strong><\/span><span data-ccp-props=\"{&quot;201341983&quot;:0,&quot;335559739&quot;:160,&quot;335559740&quot;:259}\">\u00a0<\/span><\/p>\n<p><span style=\"color: #008000;\">Entrada i programa lliure i gratu\u00eft!<\/span><\/p>\n<p>\ud83d\udc49Inscriu-te: <a href=\"https:\/\/www.oaptarragona.com\/esdeveniments\/jornada-oap-cafe-digital-baix-ebre-roquetes-informacio-dels-ajuts-del-kit-digital\/\">https:\/\/www.oaptarragona.com\/esdeveniments\/jornada-oap-cafe-digital-baix-ebre-roquetes-informacio-dels-ajuts-del-kit-digital\/<\/a><\/p>\n","protected":false},"excerpt":{"rendered":"<p>Dijous 4 de Maig de 20:00 a 21:00 hores a l&#8217;Ajuntament de Roquetes. Jornada de sensibilitzaci\u00f3 dirigida a aut\u00f2noms i petites empreses del territori. Descripci\u00f3:\u00a0Acte destinat a sensibilitzar sobre la import\u00e0ncia d\u2019un model de negoci que tingui com a base la pres\u00e8ncia a internet i obrir el cam\u00ed cap a la transformaci\u00f3 digital.\u00a0 Entrada i [&hellip;]<\/p>\n","protected":false},"author":2,"featured_media":4550,"comment_status":"closed","ping_status":"closed","sticky":false,"template":"","format":"standard","meta":{"_et_pb_use_builder":"","_et_pb_old_content":"","_et_gb_content_width":"","footnotes":""},"categories":[35,14,34],"tags":[],"class_list":["post-4551","post","type-post","status-publish","format-standard","has-post-thumbnail","hentry","category-cursos","category-dinamitzacio-economica","category-portada"],"_links":{"self":[{"href":"https:\/\/roquetes.cat\/web\/wp-json\/wp\/v2\/posts\/4551","targetHints":{"allow":["GET"]}}],"collection":[{"href":"https:\/\/roquetes.cat\/web\/wp-json\/wp\/v2\/posts"}],"about":[{"href":"https:\/\/roquetes.cat\/web\/wp-json\/wp\/v2\/types\/post"}],"author":[{"embeddable":true,"href":"https:\/\/roquetes.cat\/web\/wp-json\/wp\/v2\/users\/2"}],"replies":[{"embeddable":true,"href":"https:\/\/roquetes.cat\/web\/wp-json\/wp\/v2\/comments?post=4551"}],"version-history":[{"count":5,"href":"https:\/\/roquetes.cat\/web\/wp-json\/wp\/v2\/posts\/4551\/revisions"}],"predecessor-version":[{"id":6440,"href":"https:\/\/roquetes.cat\/web\/wp-json\/wp\/v2\/posts\/4551\/revisions\/6440"}],"wp:featuredmedia":[{"embeddable":true,"href":"https:\/\/roquetes.cat\/web\/wp-json\/wp\/v2\/media\/4550"}],"wp:attachment":[{"href":"https:\/\/roquetes.cat\/web\/wp-json\/wp\/v2\/media?parent=4551"}],"wp:term":[{"taxonomy":"category","embeddable":true,"href":"https:\/\/roquetes.cat\/web\/wp-json\/wp\/v2\/categories?post=4551"},{"taxonomy":"post_tag","embeddable":true,"href":"https:\/\/roquetes.cat\/web\/wp-json\/wp\/v2\/tags?post=4551"}],"curies":[{"name":"wp","href":"https:\/\/api.w.org\/{rel}","templated":true}]}}