{"id":4244,"date":"2023-04-12T10:58:40","date_gmt":"2023-04-12T08:58:40","guid":{"rendered":"https:\/\/roquetes.cat\/web\/?p=4244"},"modified":"2023-05-09T13:50:17","modified_gmt":"2023-05-09T11:50:17","slug":"%f0%9f%8c%b9-diumenge-23-dabril-%f0%9f%90%89-diada-de-sant-jordi-celebrem-el-sant-jordi-amb-una-jornada-plena-dactivitats","status":"publish","type":"post","link":"https:\/\/roquetes.cat\/web\/%f0%9f%8c%b9-diumenge-23-dabril-%f0%9f%90%89-diada-de-sant-jordi-celebrem-el-sant-jordi-amb-una-jornada-plena-dactivitats\/","title":{"rendered":"\ud83c\udf39 Diumenge 23 d&#8217;abril \ud83d\udc09 &#8220;DIADA DE SANT JORDI&#8221;  Celebrem el Sant Jordi amb una jornada plena d&#8217;activitats!"},"content":{"rendered":"<p style=\"text-align: left;\" align=\"justify\"><strong><a href='https:\/\/roquetes.cat\/web\/wp-content\/uploads\/2023\/03\/cartell-Sant-Jordi-2023_web.jpg' class='big-button bigorange' target=\"_blank\">Feu clic aqu\u00ed per veure el cartell!<\/a> <\/strong><\/p>\n<p class=\"western\" align=\"justify\"><b>Diumenge 23 d&#8217;abril &#8220;DIADA DE SANT JORDI&#8221;<br \/>\n<\/b><\/p>\n<p class=\"western\" align=\"justify\"><em>Celebrem el Sant Jordi amb una jornada plena d&#8217;activitats!<\/em><\/p>\n<p class=\"western\" align=\"justify\"><strong>9h a 20:30h.<\/strong> Parades de llibres i roses &#8211; Lloc: c\/ Major (del c\/Sant Roc fins a l&#8217;inici de l&#8217;Av. Pare Romany\u00e0).<\/p>\n<p class=\"western\" align=\"justify\"><strong>10:30h<\/strong>. Cercavila Banda de M\u00fasica de la Lira fins el c\/Major.<\/p>\n<p class=\"western\" align=\"justify\"><strong>11:00h.<\/strong> Santa Jordina, Sant Jordi i el drac Cinto. L&#8217;espectacle combinat de titelles per gaudir de nous personatges d&#8217;aquesta llegenda.<\/p>\n<p class=\"western\" align=\"justify\">Lloc: escenari &#8211; c\/ Major nord .<\/p>\n<p class=\"western\" align=\"justify\">Organitza: \u00c0rea d&#8217;Igualtat de l&#8217;Ajuntament de Roquetes.<\/p>\n<p class=\"western\" align=\"justify\"><strong>11:30h.<\/strong> Alumnes i banda de m\u00fasica de la Lira interpretaran unes peces musicals. En acabar, cercavila de la banda i alumnes de l&#8217;escola de m\u00fasica de la Lira del c\/ Major fins l&#8217;Hort de Cruells i despr\u00e9s fins La Lira.<\/p>\n<p class=\"western\" align=\"justify\">Lloc: escenari davant l&#8217;esgl\u00e9sia.<\/p>\n<p class=\"western\" align=\"justify\">Organitza: Lira de Roquetes.<\/p>\n<p class=\"western\" align=\"justify\"><strong>12:00h.<\/strong> Espectacle &#8220;Els CLAP&#8221;.<\/p>\n<p class=\"western\" align=\"justify\">Lloc: escenari davant l&#8217;esgl\u00e9sia.<\/p>\n<p class=\"western\" align=\"justify\">Organitza: \u00c0rea de Qualitat de Vida de l&#8217;Ajuntament de Roquetes<\/p>\n<p class=\"western\" align=\"justify\"><strong>13:00h.<\/strong> Exhibici\u00f3 dels Castellers de Tortosa<\/p>\n<p class=\"western\" align=\"justify\">Lloc: davant l&#8217;esgl\u00e9sia.<\/p>\n<p class=\"western\" align=\"justify\"><strong>13:15h.<\/strong> Concert del grup instrumental de l&#8217;escola de m\u00fasica, Corals, Piano i Banda de la Lira.<\/p>\n<p class=\"western\" align=\"justify\">Lloc: Pl. de la Lira.<\/p>\n<p class=\"western\" align=\"justify\">Organitza: Lira Roquetense.<\/p>\n<p class=\"western\" align=\"justify\">Col\u00b7labora: \u00c0rea de Cultura de l&#8217;Ajuntament de Roquetes.<\/p>\n<p class=\"western\" align=\"justify\"><strong>13:30h. (fins les 15:30h)<\/strong> &#8220;Arranca el Vermut&#8221; &#8211; Vermut musical als bars de Roquetes. Vine a fer el vermut en bona companyia. Establiments adherits: Bar Folk, Bar El Mercat, Bar restaurant l&#8217;Escala, Bar restaurant Ana, Bar restaurant Triangle, Bar restaurant Sabor a Tango (Hort de Cruells).<\/p>\n<p class=\"western\" align=\"justify\">Organitza: \u00c0rea de Dinamitzaci\u00f3 Econ\u00f2mica de l&#8217;Ajuntament de Roquetes.<\/p>\n<p class=\"western\" align=\"justify\"><strong>17:00h.<\/strong> Actuaci\u00f3 infantil amb l&#8217;espectacle &#8220;Fabul\u00f3s&#8221; a c\u00e0rrec del Mag Stigman.<\/p>\n<p class=\"western\" align=\"justify\">Lloc: escenari &#8211; c\/ Major nord.<\/p>\n<p class=\"western\" align=\"justify\">Organitza: Biblioteca de Roquetes Merc\u00e8 Lleix\u00e0.<\/p>\n<p class=\"western\" align=\"justify\"><strong>18:00h.<\/strong> Concert Som Rock.<\/p>\n<p class=\"western\" align=\"justify\">Lloc: escenari davant l&#8217;esgl\u00e9sia.<\/p>\n<p class=\"western\" align=\"justify\">Organitza: \u00c0rea de Joventut de l&#8217;Ajuntament de Roquetes.<\/p>\n<p class=\"western\" align=\"justify\"><strong>20:30h.<\/strong> Concert &#8220;R\u00e8quiem a la llum de les espelmes&#8221; interpretat pel duet \u00c0marim format per Maria Lombarte i Manel Mir\u00f3.<\/p>\n<p class=\"western\" align=\"justify\">Entrada gratu\u00efta.<\/p>\n<p class=\"western\" align=\"justify\">Lloc: Esgl\u00e9sia de Roquetes.<\/p>\n<p class=\"western\" align=\"justify\">Organitza: \u00c0rea de Cultura de l&#8217;Ajuntament de Roquetes.<\/p>\n","protected":false},"excerpt":{"rendered":"<p>Diumenge 23 d&#8217;abril &#8220;DIADA DE SANT JORDI&#8221; Celebrem el Sant Jordi amb una jornada plena d&#8217;activitats! 9h a 20:30h. Parades de llibres i roses &#8211; Lloc: c\/ Major (del c\/Sant Roc fins a l&#8217;inici de l&#8217;Av. Pare Romany\u00e0). 10:30h. Cercavila Banda de M\u00fasica de la Lira fins el c\/Major. 11:00h. Santa Jordina, Sant Jordi i [&hellip;]<\/p>\n","protected":false},"author":2,"featured_media":4247,"comment_status":"closed","ping_status":"closed","sticky":false,"template":"","format":"standard","meta":{"_et_pb_use_builder":"","_et_pb_old_content":"","_et_gb_content_width":"","footnotes":""},"categories":[1,43,34,17],"tags":[],"class_list":["post-4244","post","type-post","status-publish","format-standard","has-post-thumbnail","hentry","category-cultura","category-igualtat","category-portada","category-qualitat-de-vida"],"_links":{"self":[{"href":"https:\/\/roquetes.cat\/web\/wp-json\/wp\/v2\/posts\/4244","targetHints":{"allow":["GET"]}}],"collection":[{"href":"https:\/\/roquetes.cat\/web\/wp-json\/wp\/v2\/posts"}],"about":[{"href":"https:\/\/roquetes.cat\/web\/wp-json\/wp\/v2\/types\/post"}],"author":[{"embeddable":true,"href":"https:\/\/roquetes.cat\/web\/wp-json\/wp\/v2\/users\/2"}],"replies":[{"embeddable":true,"href":"https:\/\/roquetes.cat\/web\/wp-json\/wp\/v2\/comments?post=4244"}],"version-history":[{"count":4,"href":"https:\/\/roquetes.cat\/web\/wp-json\/wp\/v2\/posts\/4244\/revisions"}],"predecessor-version":[{"id":4246,"href":"https:\/\/roquetes.cat\/web\/wp-json\/wp\/v2\/posts\/4244\/revisions\/4246"}],"wp:featuredmedia":[{"embeddable":true,"href":"https:\/\/roquetes.cat\/web\/wp-json\/wp\/v2\/media\/4247"}],"wp:attachment":[{"href":"https:\/\/roquetes.cat\/web\/wp-json\/wp\/v2\/media?parent=4244"}],"wp:term":[{"taxonomy":"category","embeddable":true,"href":"https:\/\/roquetes.cat\/web\/wp-json\/wp\/v2\/categories?post=4244"},{"taxonomy":"post_tag","embeddable":true,"href":"https:\/\/roquetes.cat\/web\/wp-json\/wp\/v2\/tags?post=4244"}],"curies":[{"name":"wp","href":"https:\/\/api.w.org\/{rel}","templated":true}]}}