{"id":3858,"date":"2023-03-14T15:36:56","date_gmt":"2023-03-14T13:36:56","guid":{"rendered":"https:\/\/roquetes.cat\/web\/?p=3858"},"modified":"2023-03-14T15:36:56","modified_gmt":"2023-03-14T13:36:56","slug":"lhort-de-cruells-tindra-nous-fanals-led-que-incrementaran-la-illuminacio-i-la-seguretat-del-parc-sespera-que-lobra-estigui-acabada-en-unes-setmanes-de-cara-a-linici-de-les-activitats","status":"publish","type":"post","link":"https:\/\/roquetes.cat\/web\/lhort-de-cruells-tindra-nous-fanals-led-que-incrementaran-la-illuminacio-i-la-seguretat-del-parc-sespera-que-lobra-estigui-acabada-en-unes-setmanes-de-cara-a-linici-de-les-activitats\/","title":{"rendered":"L&#8217;Hort de Cruells tindr\u00e0 nous fanals LED que incrementaran la il\u00b7luminaci\u00f3 i la seguretat del parc. S&#8217;espera que l&#8217;obra estigui acabada en unes setmanes de cara a l&#8217;inici de les activitats &#8230;"},"content":{"rendered":"<p><iframe title=\"YouTube video player\" data-src=\"https:\/\/www.youtube.com\/embed\/jq8tx9i8thA\" width=\"560\" height=\"315\" frameborder=\"0\" allowfullscreen=\"allowfullscreen\" src=\"data:image\/svg+xml;base64,PHN2ZyB3aWR0aD0iMSIgaGVpZ2h0PSIxIiB4bWxucz0iaHR0cDovL3d3dy53My5vcmcvMjAwMC9zdmciPjwvc3ZnPg==\" class=\"lazyload\" data-load-mode=\"1\"><\/iframe><\/p>\n<p>La setmana passada es van iniciar les obres del canvi d&#8217;il\u00b7luminaci\u00f3 a l&#8217;Hort de Cruells, consistents en la instal\u00b7laci\u00f3 de diversos fanals amb il\u00b7luminaci\u00f3 LED.<\/p>\n<p>L&#8217;alcalde de Roquetes, Ivan Garcia, ha destacat que aquest canvi suposar\u00e0 un increment en la il\u00b7luminaci\u00f3 de la zona i sobretot d&#8217;una major seguretat al voltant del parc. A m\u00e9s tamb\u00e9 se simular\u00e0, amb diferents torres d&#8217;il\u00b7luminaci\u00f3, la forma del gran l&#8217;eucaliptus que hi havia al parc.<\/p>\n<p>S&#8217;espera que l&#8217;obra estigui acabada en unes setmanes de cara a l&#8217;inici de les activitats l\u00fadiques amb l&#8217;arribada del bon temps.<\/p>\n<p>&nbsp;<\/p>\n","protected":false},"excerpt":{"rendered":"<p>La setmana passada es van iniciar les obres del canvi d&#8217;il\u00b7luminaci\u00f3 a l&#8217;Hort de Cruells, consistents en la instal\u00b7laci\u00f3 de diversos fanals amb il\u00b7luminaci\u00f3 LED. L&#8217;alcalde de Roquetes, Ivan Garcia, ha destacat que aquest canvi suposar\u00e0 un increment en la il\u00b7luminaci\u00f3 de la zona i sobretot d&#8217;una major seguretat al voltant del parc. A m\u00e9s [&hellip;]<\/p>\n","protected":false},"author":2,"featured_media":3860,"comment_status":"closed","ping_status":"closed","sticky":false,"template":"","format":"standard","meta":{"_et_pb_use_builder":"","_et_pb_old_content":"","_et_gb_content_width":"","footnotes":""},"categories":[22,34],"tags":[],"class_list":["post-3858","post","type-post","status-publish","format-standard","has-post-thumbnail","hentry","category-obres-publiques-i-serveis","category-portada"],"_links":{"self":[{"href":"https:\/\/roquetes.cat\/web\/wp-json\/wp\/v2\/posts\/3858","targetHints":{"allow":["GET"]}}],"collection":[{"href":"https:\/\/roquetes.cat\/web\/wp-json\/wp\/v2\/posts"}],"about":[{"href":"https:\/\/roquetes.cat\/web\/wp-json\/wp\/v2\/types\/post"}],"author":[{"embeddable":true,"href":"https:\/\/roquetes.cat\/web\/wp-json\/wp\/v2\/users\/2"}],"replies":[{"embeddable":true,"href":"https:\/\/roquetes.cat\/web\/wp-json\/wp\/v2\/comments?post=3858"}],"version-history":[{"count":1,"href":"https:\/\/roquetes.cat\/web\/wp-json\/wp\/v2\/posts\/3858\/revisions"}],"predecessor-version":[{"id":3861,"href":"https:\/\/roquetes.cat\/web\/wp-json\/wp\/v2\/posts\/3858\/revisions\/3861"}],"wp:featuredmedia":[{"embeddable":true,"href":"https:\/\/roquetes.cat\/web\/wp-json\/wp\/v2\/media\/3860"}],"wp:attachment":[{"href":"https:\/\/roquetes.cat\/web\/wp-json\/wp\/v2\/media?parent=3858"}],"wp:term":[{"taxonomy":"category","embeddable":true,"href":"https:\/\/roquetes.cat\/web\/wp-json\/wp\/v2\/categories?post=3858"},{"taxonomy":"post_tag","embeddable":true,"href":"https:\/\/roquetes.cat\/web\/wp-json\/wp\/v2\/tags?post=3858"}],"curies":[{"name":"wp","href":"https:\/\/api.w.org\/{rel}","templated":true}]}}