{"id":3845,"date":"2023-03-13T17:32:07","date_gmt":"2023-03-13T15:32:07","guid":{"rendered":"https:\/\/roquetes.cat\/web\/?p=3845"},"modified":"2023-03-13T17:32:07","modified_gmt":"2023-03-13T15:32:07","slug":"aquesta-passada-setmana-van-comencar-les-obres-de-substitucio-de-lantic-pont-de-valls-per-on-passa-el-carrer-del-mig-de-la-raval-de-cristo","status":"publish","type":"post","link":"https:\/\/roquetes.cat\/web\/aquesta-passada-setmana-van-comencar-les-obres-de-substitucio-de-lantic-pont-de-valls-per-on-passa-el-carrer-del-mig-de-la-raval-de-cristo\/","title":{"rendered":"Aquesta passada setmana van comen\u00e7ar les obres de substituci\u00f3 de l&#8217;antic pont de Valls per on passa el carrer del mig de la Raval de Cristo"},"content":{"rendered":"<p style=\"text-align: center;\"><iframe title=\"YouTube video player\" data-src=\"https:\/\/www.youtube.com\/embed\/7vGV663FmME\" width=\"560\" height=\"315\" frameborder=\"0\" allowfullscreen=\"allowfullscreen\" src=\"data:image\/svg+xml;base64,PHN2ZyB3aWR0aD0iMSIgaGVpZ2h0PSIxIiB4bWxucz0iaHR0cDovL3d3dy53My5vcmcvMjAwMC9zdmciPjwvc3ZnPg==\" class=\"lazyload\" data-load-mode=\"1\"><\/iframe><\/p>\n<p>Aquesta passada setmana van comen\u00e7ar les obres de substituci\u00f3 de l&#8217;antic pont de Valls per on passa el carrer del mig de la Raval de Cristo, que feia anys es trobava tallat pel seu mal estat i el perill que aix\u00f2 comportava.<\/p>\n<p>Actualment, ja s&#8217;ha retirat l&#8217;antic pont i s&#8217;han constru\u00eft les lloses on aniran situades les bigues que s&#8217;espera que arribin en els pr\u00f2xims dies per tal de poder finalitzar l&#8217;obra.<\/p>\n<p>L&#8217;alcalde de Roquetes, Ivan Garcia, ha explicat que despr\u00e9s d&#8217;un acord amb la comunitat de regants del canal de la Dreta de l&#8217;Ebre, propiet\u00e0ria de la infraestructura, s&#8217;ha pogut finalment executar les obres de substituci\u00f3 del pont que tindran un cost de 90.000 euros finan\u00e7ats al 50% entre l&#8217;Ajuntament de Roquetes i la comunitat de regants.<\/p>\n","protected":false},"excerpt":{"rendered":"<p>Aquesta passada setmana van comen\u00e7ar les obres de substituci\u00f3 de l&#8217;antic pont de Valls per on passa el carrer del mig de la Raval de Cristo, que feia anys es trobava tallat pel seu mal estat i el perill que aix\u00f2 comportava. Actualment, ja s&#8217;ha retirat l&#8217;antic pont i s&#8217;han constru\u00eft les lloses on aniran [&hellip;]<\/p>\n","protected":false},"author":2,"featured_media":3846,"comment_status":"closed","ping_status":"closed","sticky":false,"template":"","format":"standard","meta":{"_et_pb_use_builder":"","_et_pb_old_content":"","_et_gb_content_width":"","footnotes":""},"categories":[22,34],"tags":[],"class_list":["post-3845","post","type-post","status-publish","format-standard","has-post-thumbnail","hentry","category-obres-publiques-i-serveis","category-portada"],"_links":{"self":[{"href":"https:\/\/roquetes.cat\/web\/wp-json\/wp\/v2\/posts\/3845","targetHints":{"allow":["GET"]}}],"collection":[{"href":"https:\/\/roquetes.cat\/web\/wp-json\/wp\/v2\/posts"}],"about":[{"href":"https:\/\/roquetes.cat\/web\/wp-json\/wp\/v2\/types\/post"}],"author":[{"embeddable":true,"href":"https:\/\/roquetes.cat\/web\/wp-json\/wp\/v2\/users\/2"}],"replies":[{"embeddable":true,"href":"https:\/\/roquetes.cat\/web\/wp-json\/wp\/v2\/comments?post=3845"}],"version-history":[{"count":1,"href":"https:\/\/roquetes.cat\/web\/wp-json\/wp\/v2\/posts\/3845\/revisions"}],"predecessor-version":[{"id":3847,"href":"https:\/\/roquetes.cat\/web\/wp-json\/wp\/v2\/posts\/3845\/revisions\/3847"}],"wp:featuredmedia":[{"embeddable":true,"href":"https:\/\/roquetes.cat\/web\/wp-json\/wp\/v2\/media\/3846"}],"wp:attachment":[{"href":"https:\/\/roquetes.cat\/web\/wp-json\/wp\/v2\/media?parent=3845"}],"wp:term":[{"taxonomy":"category","embeddable":true,"href":"https:\/\/roquetes.cat\/web\/wp-json\/wp\/v2\/categories?post=3845"},{"taxonomy":"post_tag","embeddable":true,"href":"https:\/\/roquetes.cat\/web\/wp-json\/wp\/v2\/tags?post=3845"}],"curies":[{"name":"wp","href":"https:\/\/api.w.org\/{rel}","templated":true}]}}