{"id":3604,"date":"2023-02-24T13:44:20","date_gmt":"2023-02-24T11:44:20","guid":{"rendered":"https:\/\/roquetes.cat\/web\/?p=3604"},"modified":"2023-04-13T15:18:04","modified_gmt":"2023-04-13T13:18:04","slug":"convocatoria-de-ple-ordinari-num-2-2023-de-data-28-de-febrer-de-2023-a-les-1900-h","status":"publish","type":"post","link":"https:\/\/roquetes.cat\/web\/convocatoria-de-ple-ordinari-num-2-2023-de-data-28-de-febrer-de-2023-a-les-1900-h\/","title":{"rendered":"Ple Ordinari de l\u2019Ajuntament de Roquetes del mes de Febrer de 2023 | Data:\u00a028-02-2023 a les 19:00h a la Sala de sessions de l&#8217;Ajuntament de Roquetes&#8230;"},"content":{"rendered":"<p><iframe title=\"Ple Ordinari de l&#039;Ajuntament de Roquetes del mes de febrer de 2023\" width=\"1080\" height=\"608\" data-src=\"https:\/\/www.youtube.com\/embed\/IXbqSqtwlpo?feature=oembed\"  allow=\"accelerometer; autoplay; clipboard-write; encrypted-media; gyroscope; picture-in-picture; web-share\" allowfullscreen src=\"data:image\/svg+xml;base64,PHN2ZyB3aWR0aD0iMSIgaGVpZ2h0PSIxIiB4bWxucz0iaHR0cDovL3d3dy53My5vcmcvMjAwMC9zdmciPjwvc3ZnPg==\" class=\"lazyload\" data-load-mode=\"1\"><\/iframe><\/p>\n<ul>\n<li id=\"yui_patched_v3_11_0_1_1677239308189_2508\"><span id=\"yui_patched_v3_11_0_1_1677239308189_2507\" class=\"negreta\">Data d&#8217;inici de la sessi\u00f3:<\/span>\u00a028-02-2023<\/li>\n<li><span class=\"negreta\">Hora d&#8217;inici de la sessi\u00f3:<\/span>\u00a019:00 h.<\/li>\n<li><span class=\"negreta\">Lloc:<\/span>\u00a0Sala de sessions de l&#8217;Ajuntament de Roquetes<\/li>\n<li><span class=\"negreta\">Tipus<\/span>\u00a0Ordin\u00e0ria<\/li>\n<\/ul>\n<h3><strong><span class=\"negreta\">Ordre del dia<\/span><\/strong><\/h3>\n<p><strong>ORDRE DEL DIA ALCALDIA<\/strong><\/p>\n<p>1. Aprovar, si procedeix, l&#8217;esborrany de l&#8217;acta del Ple ordinari n\u00fam. 1\/2023, de data 31 de gener de 2023.<\/p>\n<p><strong>URBANISME, LLIC\u00c8NCIES D&#8217;ACTIVITAT I CONTRACTES<\/strong><\/p>\n<p>2. Aprovar, si procedeix, la declaraci\u00f3 de les obres sol\u00b7licitades pel Departament d\u2019Acci\u00f3 Clim\u00e0tica, Alimentaci\u00f3 i Agenda Rural, Parc Natural dels Ports, relatives a instal\u00b7lacions pel maneig de fauna, com a obres d&#8217;especial inter\u00e8s i utilitat municipal, per conc\u00f3rrer circumst\u00e0ncies socials<\/p>\n<p><strong>QUALITAT DE VIDA, POL\u00cdTICA DE DONES, IGUALTAT I JOVENTUT<\/strong><\/p>\n<p>3. Aprovar, si procedeix, la Moci\u00f3 per a la visibilitzaci\u00f3 de les dones amb endometriosi, que presenta el Grup Municipal d&#8217;ERC<\/p>\n<p><strong>EDUCACI\u00d3, CULTURA, FESTES I COMUNICACI\u00d3<\/strong><\/p>\n<p>4. Aprovar, si procedeix, la Moci\u00f3 de suport a la candidatura de la sardana a la llista representativa del Patrimoni Cultural Immaterial de la Humanitat, de la UNESCO<\/p>\n<p><strong>AFERS INTERNS, RECURSOS HUMANS I SEGURETAT CIUTADANA<\/strong><\/p>\n<p>5. Aprovar, si procedeix, l&#8217;adhesi\u00f3 al Manifest en suport al nou hospital de les Terres de l&#8217;Ebre, que presenta el Grup Municipal d&#8217;ERC<\/p>\n<p><strong>HISENDA I DINAMITZACI\u00d3 ECON\u00d2MICA<\/strong><\/p>\n<p>6. Donar compte de la informaci\u00f3 relativa a l&#8217;execuci\u00f3 pressupost\u00e0ria del quart trimestre de 2022, comunicada per al compliment de les obligacions contemplades a l&#8217;Ordre HAP\/2105\/2012, de 01 d&#8217;octubre, per la qual es desenvolupen les obligacions de subministrament d&#8217;informaci\u00f3 previstes a la Llei org\u00e0nica 2\/2012, de 27 d&#8217;abril, d&#8217;estabilitat pressupost\u00e0ria i sostenibilitat financera<\/p>\n<p>7. Donar compte del Per\u00edode Mig de Pagament, d&#8217;acord amb el previst al RD 635\/2014, de 25 de juliol, corresponent al quart trimestre 2022<\/p>\n<p>8. Donar compte de l&#8217;Informe del compliment dels terminis de la Llei 15\/2010, de 5 de juliol, de modificaci\u00f3 de la Llei 3\/2004, de 29 de desembre, pel qual s&#8217;estableixen mesures de lluita contra la morositat en les operacions comercials, relatiu al quart trimestre 2022<\/p>\n<p><strong>CONTROL DELS \u00d2RGANS DE GOVERN<\/strong><\/p>\n<p>Donar compte de les actes de Junta de Govern Local 9. Acta Junta de Govern Local n\u00fam. 2\/2023, de data 17 de gener de 2023<\/p>\n<p>10. Acta Junta de Govern Local n\u00fam.3\/2023, de data 24 de gener de 2023<\/p>\n<p>11. Acta Junta de Govern Local n\u00fam.4\/2023, de data 31 de gener de 2023<\/p>\n<p>12. Acta Junta de Govern Local n\u00fam.5\/2023, de data 7 de febrer de 2023<\/p>\n<p>13. Acta Junta de Govern Local n\u00fam. 6\/2023, de data 14 de febrer de 2023 Donar compte dels Decrets d&#8217;Alcaldia<\/p>\n<p>14. Decrets d&#8217;Alcaldia del n\u00fam. 101 al n\u00fam. 289, de 2023<\/p>\n<p>Mocions de control<\/p>\n<p>Precs i preguntes<\/p>\n<p><span class=\"negreta\">Documents<\/span>\u00a0<a href=\"https:\/\/www.seu-e.cat\/documents\/1775380\/15357597\/Convocatoria-Ple-2_2023.pdf\/e643dd73-47c3-401f-812d-319fd0ca2a23\" target=\"_blank\" rel=\"noopener\">Convocatoria-Ple-2_2023.pdf<\/a><\/p>\n<p>&nbsp;<\/p>\n","protected":false},"excerpt":{"rendered":"<p>Data d&#8217;inici de la sessi\u00f3:\u00a028-02-2023 Hora d&#8217;inici de la sessi\u00f3:\u00a019:00 h. Lloc:\u00a0Sala de sessions de l&#8217;Ajuntament de Roquetes Tipus\u00a0Ordin\u00e0ria Ordre del dia ORDRE DEL DIA ALCALDIA 1. Aprovar, si procedeix, l&#8217;esborrany de l&#8217;acta del Ple ordinari n\u00fam. 1\/2023, de data 31 de gener de 2023. URBANISME, LLIC\u00c8NCIES D&#8217;ACTIVITAT I CONTRACTES 2. Aprovar, si procedeix, la [&hellip;]<\/p>\n","protected":false},"author":2,"featured_media":3674,"comment_status":"closed","ping_status":"closed","sticky":false,"template":"","format":"video","meta":{"_et_pb_use_builder":"","_et_pb_old_content":"","_et_gb_content_width":"","footnotes":""},"categories":[41,34],"tags":[],"class_list":["post-3604","post","type-post","status-publish","format-video","has-post-thumbnail","hentry","category-govern","category-portada","post_format-post-format-video"],"_links":{"self":[{"href":"https:\/\/roquetes.cat\/web\/wp-json\/wp\/v2\/posts\/3604","targetHints":{"allow":["GET"]}}],"collection":[{"href":"https:\/\/roquetes.cat\/web\/wp-json\/wp\/v2\/posts"}],"about":[{"href":"https:\/\/roquetes.cat\/web\/wp-json\/wp\/v2\/types\/post"}],"author":[{"embeddable":true,"href":"https:\/\/roquetes.cat\/web\/wp-json\/wp\/v2\/users\/2"}],"replies":[{"embeddable":true,"href":"https:\/\/roquetes.cat\/web\/wp-json\/wp\/v2\/comments?post=3604"}],"version-history":[{"count":7,"href":"https:\/\/roquetes.cat\/web\/wp-json\/wp\/v2\/posts\/3604\/revisions"}],"predecessor-version":[{"id":4437,"href":"https:\/\/roquetes.cat\/web\/wp-json\/wp\/v2\/posts\/3604\/revisions\/4437"}],"wp:featuredmedia":[{"embeddable":true,"href":"https:\/\/roquetes.cat\/web\/wp-json\/wp\/v2\/media\/3674"}],"wp:attachment":[{"href":"https:\/\/roquetes.cat\/web\/wp-json\/wp\/v2\/media?parent=3604"}],"wp:term":[{"taxonomy":"category","embeddable":true,"href":"https:\/\/roquetes.cat\/web\/wp-json\/wp\/v2\/categories?post=3604"},{"taxonomy":"post_tag","embeddable":true,"href":"https:\/\/roquetes.cat\/web\/wp-json\/wp\/v2\/tags?post=3604"}],"curies":[{"name":"wp","href":"https:\/\/api.w.org\/{rel}","templated":true}]}}