{"id":3001,"date":"2023-02-01T10:02:43","date_gmt":"2023-02-01T08:02:43","guid":{"rendered":"https:\/\/roquetes.cat\/web\/?p=3001"},"modified":"2023-02-01T12:58:44","modified_gmt":"2023-02-01T10:58:44","slug":"ds-4-feb-1030h-cicle-eduquem-en-familia-cures-basiques-dels-peus-en-la-infancia-i-adolescencia-a-carrec-danna-ralda-especialitzada-en-podologia-infantil","status":"publish","type":"post","link":"https:\/\/roquetes.cat\/web\/ds-4-feb-1030h-cicle-eduquem-en-familia-cures-basiques-dels-peus-en-la-infancia-i-adolescencia-a-carrec-danna-ralda-especialitzada-en-podologia-infantil\/","title":{"rendered":"DS. 4 FEB | 10:30h. CICLE EDUQUEM EN FAM\u00cdLIA: Cures b\u00e0siques dels peus en la inf\u00e0ncia i adolesc\u00e8ncia&#8217; a c\u00e0rrec d&#8217;Anna Ralda, especialitzada en podologia infantil"},"content":{"rendered":"<h1 class=\"md-headline\">Cicle Eduquem en Fam\u00edlia: &#8216;Cures b\u00e0siques dels peus en la inf\u00e0ncia i adolesc\u00e8ncia&#8217;<\/h1>\n<div class=\"bando-body\">\n<div class=\"x11i5rnm xat24cr x1mh8g0r x1vvkbs xdj266r x126k92a\">\n<div dir=\"auto\"><span style=\"color: #050505;\">Seguim amb la segona sessi\u00f3 del <\/span><b><span style=\"color: #6ba54a;\">Cicle Eduquem en Fam\u00edlia<\/span><\/b><span style=\"color: #050505;\">, amb la xerrada-taller &#8216;<\/span><span style=\"color: #94bd7b;\"><b>Cures b\u00e0siques dels peus en la inf\u00e0ncia i adolesc\u00e8ncia<\/b><\/span><span style=\"color: #050505;\">&#8216; a c\u00e0rrec d&#8217;<b>Anna Ralda, especialitzada en podologia infantil.<\/b><\/span><\/div>\n<\/div>\n<div class=\"x11i5rnm xat24cr x1mh8g0r x1vvkbs xtlvy1s x126k92a\">\n<div dir=\"auto\"><\/div>\n<div dir=\"auto\"><span class=\"x3nfvp2 x1j61x8r x1fcty0u xdj266r xhhsvwb xat24cr xgzva0m xxymvpz xlup9mm x1kky2od\"><img decoding=\"async\" data-src=\"https:\/\/static.xx.fbcdn.net\/images\/emoji.php\/v9\/tac\/1\/16\/1f4cc.png\" alt=\"\ud83d\udccc\" width=\"16\" height=\"16\" src=\"data:image\/svg+xml;base64,PHN2ZyB3aWR0aD0iMSIgaGVpZ2h0PSIxIiB4bWxucz0iaHR0cDovL3d3dy53My5vcmcvMjAwMC9zdmciPjwvc3ZnPg==\" class=\"lazyload\" style=\"--smush-placeholder-width: 16px; --smush-placeholder-aspect-ratio: 16\/16;\" \/><\/span> <strong>Dissabte 4 de febrer a les 10:30h<\/strong><\/div>\n<\/div>\n<div class=\"x11i5rnm xat24cr x1mh8g0r x1vvkbs xtlvy1s x126k92a\">\n<div dir=\"auto\">Organitza: l&#8217;\u00c0rea de Qualitat de Vida de l&#8217;<span class=\"xt0psk2\">Ajuntament de Roquetes<\/span><\/div>\n<\/div>\n<div class=\"x11i5rnm xat24cr x1mh8g0r x1vvkbs xtlvy1s x126k92a\">\n<div dir=\"auto\"><\/div>\n<div dir=\"auto\">Us hi esperem!<\/div>\n<\/div>\n<\/div>\n","protected":false},"excerpt":{"rendered":"<p>Cicle Eduquem en Fam\u00edlia: &#8216;Cures b\u00e0siques dels peus en la inf\u00e0ncia i adolesc\u00e8ncia&#8217; Seguim amb la segona sessi\u00f3 del Cicle Eduquem en Fam\u00edlia, amb la xerrada-taller &#8216;Cures b\u00e0siques dels peus en la inf\u00e0ncia i adolesc\u00e8ncia&#8216; a c\u00e0rrec d&#8217;Anna Ralda, especialitzada en podologia infantil. Dissabte 4 de febrer a les 10:30h Organitza: l&#8217;\u00c0rea de Qualitat de [&hellip;]<\/p>\n","protected":false},"author":2,"featured_media":3002,"comment_status":"closed","ping_status":"closed","sticky":false,"template":"","format":"standard","meta":{"_et_pb_use_builder":"","_et_pb_old_content":"","_et_gb_content_width":"","footnotes":""},"categories":[17],"tags":[],"class_list":["post-3001","post","type-post","status-publish","format-standard","has-post-thumbnail","hentry","category-qualitat-de-vida"],"_links":{"self":[{"href":"https:\/\/roquetes.cat\/web\/wp-json\/wp\/v2\/posts\/3001","targetHints":{"allow":["GET"]}}],"collection":[{"href":"https:\/\/roquetes.cat\/web\/wp-json\/wp\/v2\/posts"}],"about":[{"href":"https:\/\/roquetes.cat\/web\/wp-json\/wp\/v2\/types\/post"}],"author":[{"embeddable":true,"href":"https:\/\/roquetes.cat\/web\/wp-json\/wp\/v2\/users\/2"}],"replies":[{"embeddable":true,"href":"https:\/\/roquetes.cat\/web\/wp-json\/wp\/v2\/comments?post=3001"}],"version-history":[{"count":1,"href":"https:\/\/roquetes.cat\/web\/wp-json\/wp\/v2\/posts\/3001\/revisions"}],"predecessor-version":[{"id":3005,"href":"https:\/\/roquetes.cat\/web\/wp-json\/wp\/v2\/posts\/3001\/revisions\/3005"}],"wp:featuredmedia":[{"embeddable":true,"href":"https:\/\/roquetes.cat\/web\/wp-json\/wp\/v2\/media\/3002"}],"wp:attachment":[{"href":"https:\/\/roquetes.cat\/web\/wp-json\/wp\/v2\/media?parent=3001"}],"wp:term":[{"taxonomy":"category","embeddable":true,"href":"https:\/\/roquetes.cat\/web\/wp-json\/wp\/v2\/categories?post=3001"},{"taxonomy":"post_tag","embeddable":true,"href":"https:\/\/roquetes.cat\/web\/wp-json\/wp\/v2\/tags?post=3001"}],"curies":[{"name":"wp","href":"https:\/\/api.w.org\/{rel}","templated":true}]}}