{"id":2565,"date":"2023-01-19T14:36:50","date_gmt":"2023-01-19T12:36:50","guid":{"rendered":"https:\/\/roquetes.cat\/web\/?p=2565"},"modified":"2023-01-20T14:42:54","modified_gmt":"2023-01-20T12:42:54","slug":"comencen-les-obres-dinstallacio-de-dos-punts-de-recarrega-de-vehicles-electrics-a-roquetes","status":"publish","type":"post","link":"https:\/\/roquetes.cat\/web\/comencen-les-obres-dinstallacio-de-dos-punts-de-recarrega-de-vehicles-electrics-a-roquetes\/","title":{"rendered":"Comencen les obres d&#8217;instal\u00b7laci\u00f3 de dos punts de rec\u00e0rrega de vehicles el\u00e8ctrics a Roquetes."},"content":{"rendered":"<h3><strong><span class=\"css-901oao css-16my406 r-poiln3 r-bcqeeo r-qvutc0\">Punts de rec\u00e0rrega de vehicles el\u00e8ctrics a <\/span><span class=\"r-18u37iz\">Roquetes<\/span><\/strong><\/h3>\n<p><span class=\"css-901oao css-16my406 r-poiln3 r-bcqeeo r-qvutc0\">Comencen les obres d&#8217;instal\u00b7laci\u00f3 de <strong>dos punts de rec\u00e0rrega de vehicles el\u00e8ctrics a <\/strong><\/span><strong><span class=\"r-18u37iz\">Roquetes<\/span><\/strong><span class=\"css-901oao css-16my406 r-poiln3 r-bcqeeo r-qvutc0\">. Situats als aparcaments d&#8217;enfront del pavell\u00f3 poliesportiu i <strong>finan\u00e7ats pel C<\/strong><\/span><strong>onsell Comarcal del Baix Ebre\u00a0<\/strong>que donaran servei en una de les zones amb m\u00e9s mobilitat de la poblaci\u00f3.<\/p>\n<p><img decoding=\"async\" class=\"alignnone wp-image-2566 lazyload\" data-src=\"https:\/\/roquetes.cat\/web\/wp-content\/uploads\/2023\/01\/ccbe.png\" alt=\"\" width=\"200\" height=\"92\" src=\"data:image\/svg+xml;base64,PHN2ZyB3aWR0aD0iMSIgaGVpZ2h0PSIxIiB4bWxucz0iaHR0cDovL3d3dy53My5vcmcvMjAwMC9zdmciPjwvc3ZnPg==\" style=\"--smush-placeholder-width: 200px; --smush-placeholder-aspect-ratio: 200\/92;\" \/><\/p>\n","protected":false},"excerpt":{"rendered":"<p>Punts de rec\u00e0rrega de vehicles el\u00e8ctrics a Roquetes Comencen les obres d&#8217;instal\u00b7laci\u00f3 de dos punts de rec\u00e0rrega de vehicles el\u00e8ctrics a Roquetes. Situats als aparcaments d&#8217;enfront del pavell\u00f3 poliesportiu i finan\u00e7ats pel Consell Comarcal del Baix Ebre\u00a0que donaran servei en una de les zones amb m\u00e9s mobilitat de la poblaci\u00f3.<\/p>\n","protected":false},"author":2,"featured_media":2567,"comment_status":"closed","ping_status":"closed","sticky":false,"template":"","format":"standard","meta":{"_et_pb_use_builder":"","_et_pb_old_content":"","_et_gb_content_width":"","footnotes":""},"categories":[22,34],"tags":[],"class_list":["post-2565","post","type-post","status-publish","format-standard","has-post-thumbnail","hentry","category-obres-publiques-i-serveis","category-portada"],"_links":{"self":[{"href":"https:\/\/roquetes.cat\/web\/wp-json\/wp\/v2\/posts\/2565","targetHints":{"allow":["GET"]}}],"collection":[{"href":"https:\/\/roquetes.cat\/web\/wp-json\/wp\/v2\/posts"}],"about":[{"href":"https:\/\/roquetes.cat\/web\/wp-json\/wp\/v2\/types\/post"}],"author":[{"embeddable":true,"href":"https:\/\/roquetes.cat\/web\/wp-json\/wp\/v2\/users\/2"}],"replies":[{"embeddable":true,"href":"https:\/\/roquetes.cat\/web\/wp-json\/wp\/v2\/comments?post=2565"}],"version-history":[{"count":1,"href":"https:\/\/roquetes.cat\/web\/wp-json\/wp\/v2\/posts\/2565\/revisions"}],"predecessor-version":[{"id":2568,"href":"https:\/\/roquetes.cat\/web\/wp-json\/wp\/v2\/posts\/2565\/revisions\/2568"}],"wp:featuredmedia":[{"embeddable":true,"href":"https:\/\/roquetes.cat\/web\/wp-json\/wp\/v2\/media\/2567"}],"wp:attachment":[{"href":"https:\/\/roquetes.cat\/web\/wp-json\/wp\/v2\/media?parent=2565"}],"wp:term":[{"taxonomy":"category","embeddable":true,"href":"https:\/\/roquetes.cat\/web\/wp-json\/wp\/v2\/categories?post=2565"},{"taxonomy":"post_tag","embeddable":true,"href":"https:\/\/roquetes.cat\/web\/wp-json\/wp\/v2\/tags?post=2565"}],"curies":[{"name":"wp","href":"https:\/\/api.w.org\/{rel}","templated":true}]}}