{"id":2373,"date":"2022-12-20T12:54:00","date_gmt":"2022-12-20T10:54:00","guid":{"rendered":"https:\/\/roquetes.cat\/web\/?p=2373"},"modified":"2022-12-20T14:09:11","modified_gmt":"2022-12-20T12:09:11","slug":"oferta-de-treball-auxiliar-suport-informatic-oferta-soc-num-09-2022-30516","status":"publish","type":"post","link":"https:\/\/roquetes.cat\/web\/oferta-de-treball-auxiliar-suport-informatic-oferta-soc-num-09-2022-30516\/","title":{"rendered":"Oferta de treball: Auxiliar suport inform\u00e0tic &#8211; T\u00e8cnic\/a joventut"},"content":{"rendered":"<p><span lang=\"CA\">\u00b7\u00a0\u00a0\u00a0\u00a0\u00a0\u00a0\u00a0\u00a0\u00a0<\/span><b><span lang=\"CA\">AUXILIAR DE SUPORT INFORM\u00c0TIC<\/span><\/b><span lang=\"CA\">.\u00a0\u00a0\u00a0\u00a0\u00a0Oferta SOC n\u00fam.\u00a0<\/span><b><span lang=\"CA\">09 2022 30516<\/span><\/b><\/p>\n<p><span lang=\"CA\">\u00b7\u00a0\u00a0\u00a0\u00a0\u00a0\u00a0\u00a0\u00a0\u00a0<\/span><b><span lang=\"CA\">T\u00c8CNIC\/A DE JOVENTUT<\/span><\/b><b><span lang=\"CA\">.\u00a0\u00a0\u00a0\u00a0\u00a0\u00a0\u00a0\u00a0\u00a0\u00a0\u00a0\u00a0\u00a0\u00a0\u00a0\u00a0\u00a0\u00a0\u00a0\u00a0\u00a0\u00a0\u00a0\u00a0\u00a0<\/span><\/b><span lang=\"CA\">Oferta SOC n\u00fam.\u00a0<\/span><b><span lang=\"CA\">09 2022 30558<\/span><\/b><\/p>\n<p>Programa Foment de l&#8217;ocupaci\u00f3 &#8211; subvencionat per la Diputaci\u00f3 de Tarragona<br \/>\nContractaci\u00f3 a jornada complerta durant 6 mesos. Previsi\u00f3 inici: 29\/12\/2022<\/p>\n<p><b>Inscripci\u00f3 al SOC fins al 22\/12\/2022 a les 13h\u00a0<\/b>i presentaci\u00f3 de documentaci\u00f3, que consta com a requisit a les bases de la convocat\u00f2ria, al registre de l&#8217;Ajuntament de Roquetes.<\/p>\n<p>&nbsp;<\/p>\n<ul>\n<li><a href=\"https:\/\/roquetes.cat\/web\/wp-content\/uploads\/2022\/12\/Oferta-Auxiliar-suport-informatic-Tecnic-joventut.pdf\" target=\"_blank\" rel=\"noopener\">Oferta Auxiliar suport inform\u00e0tic &#8211; T\u00e8cnic joventut.pdf<\/a><\/li>\n<\/ul>\n","protected":false},"excerpt":{"rendered":"<p>\u00b7\u00a0\u00a0\u00a0\u00a0\u00a0\u00a0\u00a0\u00a0\u00a0AUXILIAR DE SUPORT INFORM\u00c0TIC.\u00a0\u00a0\u00a0\u00a0\u00a0Oferta SOC n\u00fam.\u00a009 2022 30516 \u00b7\u00a0\u00a0\u00a0\u00a0\u00a0\u00a0\u00a0\u00a0\u00a0T\u00c8CNIC\/A DE JOVENTUT.\u00a0\u00a0\u00a0\u00a0\u00a0\u00a0\u00a0\u00a0\u00a0\u00a0\u00a0\u00a0\u00a0\u00a0\u00a0\u00a0\u00a0\u00a0\u00a0\u00a0\u00a0\u00a0\u00a0\u00a0\u00a0Oferta SOC n\u00fam.\u00a009 2022 30558 Programa Foment de l&#8217;ocupaci\u00f3 &#8211; subvencionat per la Diputaci\u00f3 de Tarragona Contractaci\u00f3 a jornada complerta durant 6 mesos. Previsi\u00f3 inici: 29\/12\/2022 Inscripci\u00f3 al SOC fins al 22\/12\/2022 a les 13h\u00a0i presentaci\u00f3 de documentaci\u00f3, que consta com a requisit a les [&hellip;]<\/p>\n","protected":false},"author":2,"featured_media":989,"comment_status":"closed","ping_status":"closed","sticky":false,"template":"","format":"standard","meta":{"_et_pb_use_builder":"","_et_pb_old_content":"","_et_gb_content_width":"","footnotes":""},"categories":[34,38],"tags":[],"class_list":["post-2373","post","type-post","status-publish","format-standard","has-post-thumbnail","hentry","category-portada","category-secretaria"],"_links":{"self":[{"href":"https:\/\/roquetes.cat\/web\/wp-json\/wp\/v2\/posts\/2373","targetHints":{"allow":["GET"]}}],"collection":[{"href":"https:\/\/roquetes.cat\/web\/wp-json\/wp\/v2\/posts"}],"about":[{"href":"https:\/\/roquetes.cat\/web\/wp-json\/wp\/v2\/types\/post"}],"author":[{"embeddable":true,"href":"https:\/\/roquetes.cat\/web\/wp-json\/wp\/v2\/users\/2"}],"replies":[{"embeddable":true,"href":"https:\/\/roquetes.cat\/web\/wp-json\/wp\/v2\/comments?post=2373"}],"version-history":[{"count":3,"href":"https:\/\/roquetes.cat\/web\/wp-json\/wp\/v2\/posts\/2373\/revisions"}],"predecessor-version":[{"id":2381,"href":"https:\/\/roquetes.cat\/web\/wp-json\/wp\/v2\/posts\/2373\/revisions\/2381"}],"wp:featuredmedia":[{"embeddable":true,"href":"https:\/\/roquetes.cat\/web\/wp-json\/wp\/v2\/media\/989"}],"wp:attachment":[{"href":"https:\/\/roquetes.cat\/web\/wp-json\/wp\/v2\/media?parent=2373"}],"wp:term":[{"taxonomy":"category","embeddable":true,"href":"https:\/\/roquetes.cat\/web\/wp-json\/wp\/v2\/categories?post=2373"},{"taxonomy":"post_tag","embeddable":true,"href":"https:\/\/roquetes.cat\/web\/wp-json\/wp\/v2\/tags?post=2373"}],"curies":[{"name":"wp","href":"https:\/\/api.w.org\/{rel}","templated":true}]}}