{"id":2315,"date":"2022-11-24T11:58:55","date_gmt":"2022-11-24T09:58:55","guid":{"rendered":"https:\/\/roquetes.cat\/web\/?p=2315"},"modified":"2023-02-27T16:22:33","modified_gmt":"2023-02-27T14:22:33","slug":"dia-internacional-per-leliminacio-de-la-violencia-ver-les-dones-25n-actes-tots-els-publics","status":"publish","type":"post","link":"https:\/\/roquetes.cat\/web\/dia-internacional-per-leliminacio-de-la-violencia-ver-les-dones-25n-actes-tots-els-publics\/","title":{"rendered":"Dia Internacional per l&#8217;Eliminaci\u00f3 de la Viol\u00e8ncia ver les Dones, 25N. Actes Tots els P\u00fablics"},"content":{"rendered":"<p>En motiu del\u00a0<b>Dia Internacional per l&#8217;Eliminaci\u00f3 de la Viol\u00e8ncia vers les Dones<\/b>, l&#8217;\u00c0rea d&#8217;Igualtat de l&#8217;<a href=\"http:\/\/www.roquetes.cat\/\" target=\"_blank\" rel=\"noopener\">Ajuntament de Roquetes<\/a>\u00a0ha organitzat els seg\u00fcents actes:<\/p>\n<p><b>Dimarts 29\/11<\/b>\u00a0a les 19h:\u00a0<b><span style=\"color: #9c00ff;\">LECTURA DEL MANIFEST<\/span>\u00a0<\/b>del Dia Internacional per l&#8217;eliminaci\u00f3 de la viol\u00e8ncia vers les dones, a c\u00e0rrec de la\u00a0<b>regidora d&#8217;Igualtat i Pol\u00edtica de Dones, Cinta Garcia<\/b>, al Sal\u00f3 de Plens de l&#8217;Ajuntament de Roquetes.<\/p>\n<p><b>Dimecres 30\/11<\/b>\u00a0a les 19h:\u00a0<b><span style=\"color: #9c00ff;\">Espectacle de Dansa &#8216;BALLA&#8217;M UN LLIBRE&#8217; amb LA DIVINA<\/span><\/b>, de las\u00a0<b>Due\u00f1as del Bal\u00f3n<\/b>\u00a0a partir de La Divina Com\u00e8dia de Dante Alighieri. Lloc: Biblioteca de Roquetes<\/p>\n<p><b>Divendres 2\/11<\/b>\u00a0a les 19h:\u00a0<b><span style=\"color: #9c00ff;\">TRENQUEU EN CAS D&#8217;EMERG\u00c8NCIA. Manual per a v\u00edctimes i supervivents de viol\u00e8ncies masclistes<\/span><\/b>\u00a0a c\u00e0rrec de\u00a0<b>CARLA VALL<\/b>, advocada penalista i crimin\u00f2loga catalana experta en drets humans i en l&#8217;abordatge i prevenci\u00f3 de viol\u00e8ncies masclistes. Lloc: Biblioteca de Roquetes<\/p>\n","protected":false},"excerpt":{"rendered":"<p>En motiu del\u00a0Dia Internacional per l&#8217;Eliminaci\u00f3 de la Viol\u00e8ncia vers les Dones, l&#8217;\u00c0rea d&#8217;Igualtat de l&#8217;Ajuntament de Roquetes\u00a0ha organitzat els seg\u00fcents actes: Dimarts 29\/11\u00a0a les 19h:\u00a0LECTURA DEL MANIFEST\u00a0del Dia Internacional per l&#8217;eliminaci\u00f3 de la viol\u00e8ncia vers les dones, a c\u00e0rrec de la\u00a0regidora d&#8217;Igualtat i Pol\u00edtica de Dones, Cinta Garcia, al Sal\u00f3 de Plens de l&#8217;Ajuntament [&hellip;]<\/p>\n","protected":false},"author":2,"featured_media":2316,"comment_status":"closed","ping_status":"closed","sticky":false,"template":"","format":"standard","meta":{"_et_pb_use_builder":"","_et_pb_old_content":"","_et_gb_content_width":"","footnotes":""},"categories":[43,34],"tags":[],"class_list":["post-2315","post","type-post","status-publish","format-standard","has-post-thumbnail","hentry","category-igualtat","category-portada"],"_links":{"self":[{"href":"https:\/\/roquetes.cat\/web\/wp-json\/wp\/v2\/posts\/2315","targetHints":{"allow":["GET"]}}],"collection":[{"href":"https:\/\/roquetes.cat\/web\/wp-json\/wp\/v2\/posts"}],"about":[{"href":"https:\/\/roquetes.cat\/web\/wp-json\/wp\/v2\/types\/post"}],"author":[{"embeddable":true,"href":"https:\/\/roquetes.cat\/web\/wp-json\/wp\/v2\/users\/2"}],"replies":[{"embeddable":true,"href":"https:\/\/roquetes.cat\/web\/wp-json\/wp\/v2\/comments?post=2315"}],"version-history":[{"count":1,"href":"https:\/\/roquetes.cat\/web\/wp-json\/wp\/v2\/posts\/2315\/revisions"}],"predecessor-version":[{"id":2317,"href":"https:\/\/roquetes.cat\/web\/wp-json\/wp\/v2\/posts\/2315\/revisions\/2317"}],"wp:featuredmedia":[{"embeddable":true,"href":"https:\/\/roquetes.cat\/web\/wp-json\/wp\/v2\/media\/2316"}],"wp:attachment":[{"href":"https:\/\/roquetes.cat\/web\/wp-json\/wp\/v2\/media?parent=2315"}],"wp:term":[{"taxonomy":"category","embeddable":true,"href":"https:\/\/roquetes.cat\/web\/wp-json\/wp\/v2\/categories?post=2315"},{"taxonomy":"post_tag","embeddable":true,"href":"https:\/\/roquetes.cat\/web\/wp-json\/wp\/v2\/tags?post=2315"}],"curies":[{"name":"wp","href":"https:\/\/api.w.org\/{rel}","templated":true}]}}