{"id":2056,"date":"2022-08-04T16:41:59","date_gmt":"2022-08-04T14:41:59","guid":{"rendered":"https:\/\/roquetes.cat\/web\/?p=2056"},"modified":"2022-08-04T16:41:59","modified_gmt":"2022-08-04T14:41:59","slug":"lajuntament-de-roquetes-ha-sollicitat-una-subvencio-per-al-foment-de-locupacio-a-la-diputacio-de-tarragona-per-contractar-3-persones","status":"publish","type":"post","link":"https:\/\/roquetes.cat\/web\/lajuntament-de-roquetes-ha-sollicitat-una-subvencio-per-al-foment-de-locupacio-a-la-diputacio-de-tarragona-per-contractar-3-persones\/","title":{"rendered":"L\u2019Ajuntament de Roquetes ha sol\u00b7licitat una subvenci\u00f3 per al foment de l\u2019ocupaci\u00f3 a la Diputaci\u00f3 de Tarragona per contractar 3 persones"},"content":{"rendered":"<p align=\"justify\">L&#8217;Ajuntament de Roquetes s\u2019ha acollit a la subvenci\u00f3 de la Diputaci\u00f3 de Tarragona pel Programa foment de l&#8217;ocupaci\u00f3 local sol\u00b7licitant contractar temporalment, durant sis mesos, tres persones inscrites com a <strong>demandants d&#8217;ocupaci\u00f3 no ocupades al Servei d&#8217;Ocupaci\u00f3 de Catalunya<\/strong> a la data d&#8217;inici de la seva prestaci\u00f3 laboral amb l&#8217;ajuntament, <strong>amb previsi\u00f3 d&#8217;inici 01\/10\/2022 i finalitzaci\u00f3 el 31\/03\/2023 en jornada completa. <\/strong><\/p>\n<p align=\"justify\">L&#8217;Ajuntament de Roquetes aposta per contractar tres persones des del moment de la concessi\u00f3 de la subvenci\u00f3 i durant<strong> 6 mesos<\/strong>, seguint els par\u00e0metres establerts per part de la Diputaci\u00f3 de Tarragona. Els llocs de treball oferts seran de: t\u00e8cnic\/a de joventut, agent c\u00edvic i auxiliar de suport inform\u00e0tic.<\/p>\n<p lang=\"es-ES\" align=\"justify\"><span lang=\"ca-ES\">Si est\u00e0s interessat\/da en participar i compleixes els requisits, has de registrar-te a l\u2019oferta corresponent a la teva Oficina de Treball del SOC\u00a0o al tel\u00e8fon\u00a0<\/span><strong><span lang=\"ca-ES\">900 800 046<\/span><\/strong><span lang=\"ca-ES\">, havent de complir els requisits publicats a l\u2019oferta, fins al dia 9 de setembre de 2022 (incl\u00f2s):<\/span><\/p>\n<ul>\n<li>\n<p align=\"justify\"><strong>T\u00e8cnic\/a de joventut:<\/strong> Oferta del SOC n\u00famero <strong>20585<\/strong><\/p>\n<\/li>\n<li>\n<p align=\"justify\"><strong>Agent c\u00edvic:<\/strong> Oferta del SOC n\u00famero <strong>20589<\/strong><\/p>\n<\/li>\n<li>\n<p align=\"justify\"><strong>Auxiliar de suport inform\u00e0tic:<\/strong> Oferta del SOC n\u00famero <strong>20584<\/strong><\/p>\n<\/li>\n<\/ul>\n<p lang=\"es-ES\" align=\"justify\"><span lang=\"ca-ES\">Les ofertes de treball d\u2019aquests tres perfils es publicaran pr\u00f2ximament\u00a0al BOPT. I posteriorment s\u2019ha de presentar la documentaci\u00f3 requerida al Registre General de l\u2019Ajuntament de Roquetes en hores de registre (9 h a 14 h) o a la seu electr\u00f2nica.<\/span><\/p>\n<p>&nbsp;<\/p>\n<p><img decoding=\"async\" class=\"alignnone size-full wp-image-1310 lazyload\" data-src=\"https:\/\/roquetes.cat\/web\/wp-content\/uploads\/2021\/07\/Logo_DIPUTACIO.jpg\" alt=\"\" width=\"300\" height=\"250\" src=\"data:image\/svg+xml;base64,PHN2ZyB3aWR0aD0iMSIgaGVpZ2h0PSIxIiB4bWxucz0iaHR0cDovL3d3dy53My5vcmcvMjAwMC9zdmciPjwvc3ZnPg==\" style=\"--smush-placeholder-width: 300px; --smush-placeholder-aspect-ratio: 300\/250;\" \/><\/p>\n","protected":false},"excerpt":{"rendered":"<p>L&#8217;Ajuntament de Roquetes s\u2019ha acollit a la subvenci\u00f3 de la Diputaci\u00f3 de Tarragona pel Programa foment de l&#8217;ocupaci\u00f3 local sol\u00b7licitant contractar temporalment, durant sis mesos, tres persones inscrites com a demandants d&#8217;ocupaci\u00f3 no ocupades al Servei d&#8217;Ocupaci\u00f3 de Catalunya a la data d&#8217;inici de la seva prestaci\u00f3 laboral amb l&#8217;ajuntament, amb previsi\u00f3 d&#8217;inici 01\/10\/2022 i [&hellip;]<\/p>\n","protected":false},"author":2,"featured_media":989,"comment_status":"closed","ping_status":"closed","sticky":false,"template":"","format":"standard","meta":{"_et_pb_use_builder":"","_et_pb_old_content":"","_et_gb_content_width":"","footnotes":""},"categories":[1,14,34],"tags":[],"class_list":["post-2056","post","type-post","status-publish","format-standard","has-post-thumbnail","hentry","category-cultura","category-dinamitzacio-economica","category-portada"],"_links":{"self":[{"href":"https:\/\/roquetes.cat\/web\/wp-json\/wp\/v2\/posts\/2056","targetHints":{"allow":["GET"]}}],"collection":[{"href":"https:\/\/roquetes.cat\/web\/wp-json\/wp\/v2\/posts"}],"about":[{"href":"https:\/\/roquetes.cat\/web\/wp-json\/wp\/v2\/types\/post"}],"author":[{"embeddable":true,"href":"https:\/\/roquetes.cat\/web\/wp-json\/wp\/v2\/users\/2"}],"replies":[{"embeddable":true,"href":"https:\/\/roquetes.cat\/web\/wp-json\/wp\/v2\/comments?post=2056"}],"version-history":[{"count":2,"href":"https:\/\/roquetes.cat\/web\/wp-json\/wp\/v2\/posts\/2056\/revisions"}],"predecessor-version":[{"id":2058,"href":"https:\/\/roquetes.cat\/web\/wp-json\/wp\/v2\/posts\/2056\/revisions\/2058"}],"wp:featuredmedia":[{"embeddable":true,"href":"https:\/\/roquetes.cat\/web\/wp-json\/wp\/v2\/media\/989"}],"wp:attachment":[{"href":"https:\/\/roquetes.cat\/web\/wp-json\/wp\/v2\/media?parent=2056"}],"wp:term":[{"taxonomy":"category","embeddable":true,"href":"https:\/\/roquetes.cat\/web\/wp-json\/wp\/v2\/categories?post=2056"},{"taxonomy":"post_tag","embeddable":true,"href":"https:\/\/roquetes.cat\/web\/wp-json\/wp\/v2\/tags?post=2056"}],"curies":[{"name":"wp","href":"https:\/\/api.w.org\/{rel}","templated":true}]}}