{"id":1956,"date":"2022-05-09T07:15:33","date_gmt":"2022-05-09T05:15:33","guid":{"rendered":"https:\/\/roquetes.cat\/web\/?p=1956"},"modified":"2023-06-28T11:58:25","modified_gmt":"2023-06-28T09:58:25","slug":"9-de-maig-dia-del-comerc-de-proximitat-concurs-jo-compro-a-roquetes-i-tu","status":"publish","type":"post","link":"https:\/\/roquetes.cat\/web\/9-de-maig-dia-del-comerc-de-proximitat-concurs-jo-compro-a-roquetes-i-tu\/","title":{"rendered":"9 de maig &#8211; Dia del Comer\u00e7 de proximitat &#8211; Concurs &#8220;Jo compro a Roquetes, i tu?&#8221;"},"content":{"rendered":"<p style=\"font-weight: 400;\">Del\u00a0<b><strong>9 al 15 de maig<\/strong><\/b>, si fas una compra als comer\u00e7os de Roquetes i la Raval de Cristo t\u2019endur\u00e0s directament una bossa de roba sostenible Compra a Roquetes \u2013 Compra a la Ravaleta, i si publiques la fotografia a l\u2019Instagram amb\u00a0l\u2019etiqueta\u00a0<strong><em>#jocomproaroquetes<\/em><\/strong>\u00a0i\/o\u00a0<em><strong>#jocomproalaravaleta<\/strong>\u00a0<\/em>mencionant\u00a0<strong><em>@AjRoquetes<\/em><\/strong>\u00a0participar\u00e0s en el premi d\u2019un sopar per dos persones a un restaurant de Roquetes.<\/p>\n<p style=\"font-weight: 400;\">La persona guanyadora del concurs Comer\u00e7 de proximitat ser\u00e0 la que m\u00e9s\u00a0<em>likes<\/em>\u00a0tingui a la fotografia que hagi publicat.<\/p>\n<p>&nbsp;<\/p>\n<p><span style=\"color: #ffffff;\">#firaroquetes<\/span><\/p>\n","protected":false},"excerpt":{"rendered":"<p>Del\u00a09 al 15 de maig, si fas una compra als comer\u00e7os de Roquetes i la Raval de Cristo t\u2019endur\u00e0s directament una bossa de roba sostenible Compra a Roquetes \u2013 Compra a la Ravaleta, i si publiques la fotografia a l\u2019Instagram amb\u00a0l\u2019etiqueta\u00a0#jocomproaroquetes\u00a0i\/o\u00a0#jocomproalaravaleta\u00a0mencionant\u00a0@AjRoquetes\u00a0participar\u00e0s en el premi d\u2019un sopar per dos persones a un restaurant de Roquetes. La [&hellip;]<\/p>\n","protected":false},"author":2,"featured_media":1953,"comment_status":"closed","ping_status":"closed","sticky":false,"template":"","format":"standard","meta":{"_et_pb_use_builder":"","_et_pb_old_content":"","_et_gb_content_width":"","footnotes":""},"categories":[67,14,34],"tags":[],"class_list":["post-1956","post","type-post","status-publish","format-standard","has-post-thumbnail","hentry","category-fires-mercats-i-esdeveniments","category-dinamitzacio-economica","category-portada"],"_links":{"self":[{"href":"https:\/\/roquetes.cat\/web\/wp-json\/wp\/v2\/posts\/1956","targetHints":{"allow":["GET"]}}],"collection":[{"href":"https:\/\/roquetes.cat\/web\/wp-json\/wp\/v2\/posts"}],"about":[{"href":"https:\/\/roquetes.cat\/web\/wp-json\/wp\/v2\/types\/post"}],"author":[{"embeddable":true,"href":"https:\/\/roquetes.cat\/web\/wp-json\/wp\/v2\/users\/2"}],"replies":[{"embeddable":true,"href":"https:\/\/roquetes.cat\/web\/wp-json\/wp\/v2\/comments?post=1956"}],"version-history":[{"count":3,"href":"https:\/\/roquetes.cat\/web\/wp-json\/wp\/v2\/posts\/1956\/revisions"}],"predecessor-version":[{"id":9744,"href":"https:\/\/roquetes.cat\/web\/wp-json\/wp\/v2\/posts\/1956\/revisions\/9744"}],"wp:featuredmedia":[{"embeddable":true,"href":"https:\/\/roquetes.cat\/web\/wp-json\/wp\/v2\/media\/1953"}],"wp:attachment":[{"href":"https:\/\/roquetes.cat\/web\/wp-json\/wp\/v2\/media?parent=1956"}],"wp:term":[{"taxonomy":"category","embeddable":true,"href":"https:\/\/roquetes.cat\/web\/wp-json\/wp\/v2\/categories?post=1956"},{"taxonomy":"post_tag","embeddable":true,"href":"https:\/\/roquetes.cat\/web\/wp-json\/wp\/v2\/tags?post=1956"}],"curies":[{"name":"wp","href":"https:\/\/api.w.org\/{rel}","templated":true}]}}