{"id":19040,"date":"2026-04-30T11:15:16","date_gmt":"2026-04-30T09:15:16","guid":{"rendered":"https:\/\/roquetes.cat\/web\/?p=19040"},"modified":"2026-04-30T11:15:16","modified_gmt":"2026-04-30T09:15:16","slug":"borsa-de-treball-doficial-de-primera-2","status":"publish","type":"post","link":"https:\/\/roquetes.cat\/web\/borsa-de-treball-doficial-de-primera-2\/","title":{"rendered":"Borsa de treball d\u2019oficial de primera"},"content":{"rendered":"<h2>El termini per a la presentaci\u00f3 de sol\u00b7licituds finalitza el 14 de maig.<\/h2>\n<p>L\u2019Ajuntament de Roquetes convoca una <strong>borsa de treball d\u2019oficial de primera.<\/strong> El <strong>termini<\/strong> per la presentaci\u00f3 de sol\u00b7licituds finalitza el pr\u00f2xim <strong>14 de maig de 2026.<\/strong><\/p>\n<p>Les persones interessades a participar en el proc\u00e9s poden consultar la seg\u00fcent informaci\u00f3:<\/p>\n<table style=\"border-style: solid;\" border=\"1\">\n<tbody>\n<tr>\n<td style=\"text-align: center;\" width=\"670\"><strong>BASES I CONVOCAT\u00d2RIA<\/strong><\/td>\n<\/tr>\n<tr>\n<td style=\"text-align: center;\" width=\"670\"><a href=\"https:\/\/tauler.seu-e.cat\/detall?idEns=4313310007&amp;idEdicte=624117\"><strong>AQU\u00cd<\/strong><\/a><\/td>\n<\/tr>\n<\/tbody>\n<\/table>\n<p><strong>\u00a0<\/strong><\/p>\n<table style=\"border-style: solid;\" border=\"1\">\n<tbody>\n<tr>\n<td style=\"text-align: center;\" width=\"670\"><strong>MODEL DE SOL\u00b7LICITUD I QUADRE RESUM DELS M\u00c8RITS AL\u00b7LEGATS<\/strong><\/td>\n<\/tr>\n<tr>\n<td style=\"text-align: center;\" width=\"670\"><a href=\"https:\/\/tauler.seu-e.cat\/detall?idEns=4313310007&amp;idEdicte=624349\"><strong>AQU\u00cd<\/strong><\/a><\/td>\n<\/tr>\n<\/tbody>\n<\/table>\n<p>&nbsp;<\/p>\n<p>&nbsp;<\/p>\n","protected":false},"excerpt":{"rendered":"<p>El termini per a la presentaci\u00f3 de sol\u00b7licituds finalitza el 14 de maig. L\u2019Ajuntament de Roquetes convoca una borsa de treball d\u2019oficial de primera. El termini per la presentaci\u00f3 de sol\u00b7licituds finalitza el pr\u00f2xim 14 de maig de 2026. Les persones interessades a participar en el proc\u00e9s poden consultar la seg\u00fcent informaci\u00f3: BASES I CONVOCAT\u00d2RIA [&hellip;]<\/p>\n","protected":false},"author":6,"featured_media":19041,"comment_status":"closed","ping_status":"closed","sticky":false,"template":"","format":"standard","meta":{"_et_pb_use_builder":"","_et_pb_old_content":"","_et_gb_content_width":"","footnotes":""},"categories":[14,34,38],"tags":[],"class_list":["post-19040","post","type-post","status-publish","format-standard","has-post-thumbnail","hentry","category-dinamitzacio-economica","category-portada","category-secretaria"],"_links":{"self":[{"href":"https:\/\/roquetes.cat\/web\/wp-json\/wp\/v2\/posts\/19040","targetHints":{"allow":["GET"]}}],"collection":[{"href":"https:\/\/roquetes.cat\/web\/wp-json\/wp\/v2\/posts"}],"about":[{"href":"https:\/\/roquetes.cat\/web\/wp-json\/wp\/v2\/types\/post"}],"author":[{"embeddable":true,"href":"https:\/\/roquetes.cat\/web\/wp-json\/wp\/v2\/users\/6"}],"replies":[{"embeddable":true,"href":"https:\/\/roquetes.cat\/web\/wp-json\/wp\/v2\/comments?post=19040"}],"version-history":[{"count":1,"href":"https:\/\/roquetes.cat\/web\/wp-json\/wp\/v2\/posts\/19040\/revisions"}],"predecessor-version":[{"id":19042,"href":"https:\/\/roquetes.cat\/web\/wp-json\/wp\/v2\/posts\/19040\/revisions\/19042"}],"wp:featuredmedia":[{"embeddable":true,"href":"https:\/\/roquetes.cat\/web\/wp-json\/wp\/v2\/media\/19041"}],"wp:attachment":[{"href":"https:\/\/roquetes.cat\/web\/wp-json\/wp\/v2\/media?parent=19040"}],"wp:term":[{"taxonomy":"category","embeddable":true,"href":"https:\/\/roquetes.cat\/web\/wp-json\/wp\/v2\/categories?post=19040"},{"taxonomy":"post_tag","embeddable":true,"href":"https:\/\/roquetes.cat\/web\/wp-json\/wp\/v2\/tags?post=19040"}],"curies":[{"name":"wp","href":"https:\/\/api.w.org\/{rel}","templated":true}]}}