{"id":19014,"date":"2026-04-28T17:27:27","date_gmt":"2026-04-28T15:27:27","guid":{"rendered":"https:\/\/roquetes.cat\/web\/?p=19014"},"modified":"2026-04-28T17:27:27","modified_gmt":"2026-04-28T15:27:27","slug":"roquetes-activa-la-campanya-viu-el-comerc-local-viu-roquetes","status":"publish","type":"post","link":"https:\/\/roquetes.cat\/web\/roquetes-activa-la-campanya-viu-el-comerc-local-viu-roquetes\/","title":{"rendered":"Roquetes activa la campanya \u2018Viu el comer\u00e7 local, viu Roquetes!\u2019"},"content":{"rendered":"<h2>El concurs estar\u00e0 obert fins el 9 de maig, i s\u2019hi podr\u00e0 participar publicant una foto a Instagram de les compres als comer\u00e7os de Roquetes i la Ravaleta.<\/h2>\n<p>Promoure i afavorir el consum de proximitat a la ciutat. Roquetes activa un nou any la <strong>campanya \u2018Viu el comer\u00e7 local, viu Roquetes!\u2019, <\/strong>amb l\u2019\u00e0nim d\u2019incentivar les compres als comer\u00e7os locals, a trav\u00e9s d\u2019un <strong>concurs que estar\u00e0 obert fins el proper 9 de maig.<\/strong> Els usuaris i usu\u00e0ries hi podran participar publicant una foto a Instagram de les <strong>compres realitzades o serveis utilitzats en qualsevol establiment de Roquetes <\/strong>i la<strong> Raval de Cristo, <\/strong>amb l\u2019etiqueta <strong>#jocomproaroquetes <\/strong>o <strong>#jocomproalaravaleta, <\/strong>i mencionant el compte <strong>@roquetesturisme.<\/strong><\/p>\n<p>La iniciativa est\u00e0 impulsada per les \u00e0rees de Turisme i d\u2019Activitat Econ\u00f2mica de l\u2019Ajuntament de Roquetes, i compta amb la col\u00b7laboraci\u00f3 dels comer\u00e7os i establiments del municipi.<\/p>\n<p><strong>Sorteig d\u2019un val regal, per un establiment de nova creaci\u00f3<\/strong><\/p>\n<p>Entre totes les persones participants, se sortejar\u00e0 un val regal per a productes d\u2019un establiment local de nova creaci\u00f3. L\u2019acte tindr\u00e0 lloc el dilluns 11 de maig a les 12.00 hores, coincidint amb la celebraci\u00f3 del Dia del Comer\u00e7 de Proximitat.<\/p>\n<p>El resultat del guanyador o guanyadora es far\u00e0 p\u00fablic a trav\u00e9s dels canals oficials de comunicaci\u00f3 de l\u2019Ajuntament de Roquetes.<\/p>\n<p><img decoding=\"async\" class=\"alignnone size-full wp-image-19016 lazyload\" data-src=\"https:\/\/roquetes.cat\/web\/wp-content\/uploads\/2026\/04\/Dia-del-Comerc-de-Proximitat.-Post-8.jpg\" alt=\"\" width=\"1080\" height=\"1350\" data-srcset=\"https:\/\/roquetes.cat\/web\/wp-content\/uploads\/2026\/04\/Dia-del-Comerc-de-Proximitat.-Post-8.jpg 1080w, https:\/\/roquetes.cat\/web\/wp-content\/uploads\/2026\/04\/Dia-del-Comerc-de-Proximitat.-Post-8-980x1225.jpg 980w, https:\/\/roquetes.cat\/web\/wp-content\/uploads\/2026\/04\/Dia-del-Comerc-de-Proximitat.-Post-8-480x600.jpg 480w\" data-sizes=\"(min-width: 0px) and (max-width: 480px) 480px, (min-width: 481px) and (max-width: 980px) 980px, (min-width: 981px) 1080px, 100vw\" src=\"data:image\/svg+xml;base64,PHN2ZyB3aWR0aD0iMSIgaGVpZ2h0PSIxIiB4bWxucz0iaHR0cDovL3d3dy53My5vcmcvMjAwMC9zdmciPjwvc3ZnPg==\" style=\"--smush-placeholder-width: 1080px; --smush-placeholder-aspect-ratio: 1080\/1350;\" \/><\/p>\n","protected":false},"excerpt":{"rendered":"<p>El concurs estar\u00e0 obert fins el 9 de maig, i s\u2019hi podr\u00e0 participar publicant una foto a Instagram de les compres als comer\u00e7os de Roquetes i la Ravaleta. Promoure i afavorir el consum de proximitat a la ciutat. Roquetes activa un nou any la campanya \u2018Viu el comer\u00e7 local, viu Roquetes!\u2019, amb l\u2019\u00e0nim d\u2019incentivar les [&hellip;]<\/p>\n","protected":false},"author":6,"featured_media":19015,"comment_status":"closed","ping_status":"closed","sticky":false,"template":"","format":"standard","meta":{"_et_pb_use_builder":"","_et_pb_old_content":"","_et_gb_content_width":"","footnotes":""},"categories":[67,14,34,24],"tags":[],"class_list":["post-19014","post","type-post","status-publish","format-standard","has-post-thumbnail","hentry","category-fires-mercats-i-esdeveniments","category-dinamitzacio-economica","category-portada","category-turisme"],"_links":{"self":[{"href":"https:\/\/roquetes.cat\/web\/wp-json\/wp\/v2\/posts\/19014","targetHints":{"allow":["GET"]}}],"collection":[{"href":"https:\/\/roquetes.cat\/web\/wp-json\/wp\/v2\/posts"}],"about":[{"href":"https:\/\/roquetes.cat\/web\/wp-json\/wp\/v2\/types\/post"}],"author":[{"embeddable":true,"href":"https:\/\/roquetes.cat\/web\/wp-json\/wp\/v2\/users\/6"}],"replies":[{"embeddable":true,"href":"https:\/\/roquetes.cat\/web\/wp-json\/wp\/v2\/comments?post=19014"}],"version-history":[{"count":1,"href":"https:\/\/roquetes.cat\/web\/wp-json\/wp\/v2\/posts\/19014\/revisions"}],"predecessor-version":[{"id":19017,"href":"https:\/\/roquetes.cat\/web\/wp-json\/wp\/v2\/posts\/19014\/revisions\/19017"}],"wp:featuredmedia":[{"embeddable":true,"href":"https:\/\/roquetes.cat\/web\/wp-json\/wp\/v2\/media\/19015"}],"wp:attachment":[{"href":"https:\/\/roquetes.cat\/web\/wp-json\/wp\/v2\/media?parent=19014"}],"wp:term":[{"taxonomy":"category","embeddable":true,"href":"https:\/\/roquetes.cat\/web\/wp-json\/wp\/v2\/categories?post=19014"},{"taxonomy":"post_tag","embeddable":true,"href":"https:\/\/roquetes.cat\/web\/wp-json\/wp\/v2\/tags?post=19014"}],"curies":[{"name":"wp","href":"https:\/\/api.w.org\/{rel}","templated":true}]}}