{"id":18993,"date":"2026-04-28T11:07:55","date_gmt":"2026-04-28T09:07:55","guid":{"rendered":"https:\/\/roquetes.cat\/web\/?p=18993"},"modified":"2026-04-28T11:09:51","modified_gmt":"2026-04-28T09:09:51","slug":"roquetes-i-tortosa-aconsegueixen-un-ajut-de-250-000e-per-millorar-el-cami-de-sant-francesc","status":"publish","type":"post","link":"https:\/\/roquetes.cat\/web\/roquetes-i-tortosa-aconsegueixen-un-ajut-de-250-000e-per-millorar-el-cami-de-sant-francesc\/","title":{"rendered":"Roquetes i Tortosa aconsegueixen un ajut de 250.000\u20ac per millorar el cam\u00ed de Sant Francesc"},"content":{"rendered":"<h2 class=\"p1\">El ple de la Diputaci\u00f3 de Tarragona aprova una subvenci\u00f3 nominativa perqu\u00e8 la Mancomunitat Tortosa-Roquetes pugui repavimentar aquest vial compartit.<\/h2>\n<p class=\"p1\">El ple de la <strong>Diputaci\u00f3 de Tarragona<\/strong> ha aprovat una <strong>subvenci\u00f3 nominativa de 250.000 euros destinada a la repavimentaci\u00f3 del cam\u00ed de Sant Francesc,<\/strong> una <strong>actuaci\u00f3 que executar\u00e0 la Mancomunitat de Municipis Tortosa-Roquetes<\/strong> amb un cost global estimat de m\u00e9s de 543.000 euros. L\u2019acord, que s\u2019ha validat aquest divendres en sessi\u00f3 plen\u00e0ria, permetr\u00e0 impulsar una intervenci\u00f3 llargament reivindicada pel ve\u00efnat del cam\u00ed de Sant Francesc, amb l&#8217;objectiu de millorar l\u2019estat del vial i garantir una circulaci\u00f3 m\u00e9s segura i c\u00f2moda.<\/p>\n<p class=\"p1\">El cam\u00ed de Sant Francesc, que enlla\u00e7a amb l&#8217;Eix de l&#8217;Ebre (C-12) a l&#8217;altura del barranc de Sant Antoni, marca el l\u00edmit dels termes municipals de Roquetes i Tortosa. En aquest sentit, el fet de tenir compet\u00e8ncies compartides sobre el cam\u00ed \u00e9s el que obliga els dos ajuntaments a plantejar aquesta actuaci\u00f3 a trav\u00e9s de la Mancomunitat. A m\u00e9s, el temporal &#8216;Alice&#8217;, dels dies 12 i 13 d&#8217;octubre del 2025 va empitjorar considerablement l&#8217;estat de conservaci\u00f3 del cam\u00ed, amb l&#8217;aparici\u00f3 de sots, erosions, p\u00e8rdua del ferm, arrossegaments de material i despla\u00e7aments estructurals als marges, que comprometien la funcionalitat i la seguretat de la via.<\/p>\n<p><strong>Renovaci\u00f3 del ferm i neteja del cam\u00ed<\/strong><\/p>\n<p>L\u2019actuaci\u00f3 consistir\u00e0 en la renovaci\u00f3 del ferm del cam\u00ed de Sant Francesc, una via que connecta diferents zones dels termes municipals de Roquetes i Tortosa, i que \u00e9s utilitzada tant per al tr\u00e0nsit agr\u00edcola com per a la mobilitat quotidiana de moltes ve\u00efnes i ve\u00efns, ja que a la zona hi ha explotacions agr\u00edcoles, granges i nombrosos habitatges disseminats. A m\u00e9s de la reposici\u00f3 del ferm amb materials estabilitzats, tamb\u00e9 es netejar\u00e0 el cam\u00ed de sediments i arrossegaments, i es repararan els sots en els punts deteriorats.<\/p>\n<p class=\"p1\">La Mancomunitat de Municipis Tortosa-Roquetes ser\u00e0 l\u2019encarregada d\u2019executar les obres, en el marc de la cooperaci\u00f3 institucional entre els dos ajuntaments, per millorar les infraestructures compartides i donar resposta a les necessitats dels dos municipis. Amb aquesta inversi\u00f3, es far\u00e0 un pas endavant en la millora d&#8217;un cam\u00ed molt important per a la mobilitat als dos municipis.<\/p>\n<p><img decoding=\"async\" class=\"alignnone size-full wp-image-18995 lazyload\" data-src=\"https:\/\/roquetes.cat\/web\/wp-content\/uploads\/2026\/04\/DIPTA_H_col.png\" alt=\"\" width=\"776\" height=\"189\" data-srcset=\"https:\/\/roquetes.cat\/web\/wp-content\/uploads\/2026\/04\/DIPTA_H_col.png 776w, https:\/\/roquetes.cat\/web\/wp-content\/uploads\/2026\/04\/DIPTA_H_col-480x117.png 480w\" data-sizes=\"(min-width: 0px) and (max-width: 480px) 480px, (min-width: 481px) 776px, 100vw\" src=\"data:image\/svg+xml;base64,PHN2ZyB3aWR0aD0iMSIgaGVpZ2h0PSIxIiB4bWxucz0iaHR0cDovL3d3dy53My5vcmcvMjAwMC9zdmciPjwvc3ZnPg==\" style=\"--smush-placeholder-width: 776px; --smush-placeholder-aspect-ratio: 776\/189;\" \/><\/p>\n","protected":false},"excerpt":{"rendered":"<p>El ple de la Diputaci\u00f3 de Tarragona aprova una subvenci\u00f3 nominativa perqu\u00e8 la Mancomunitat Tortosa-Roquetes pugui repavimentar aquest vial compartit. El ple de la Diputaci\u00f3 de Tarragona ha aprovat una subvenci\u00f3 nominativa de 250.000 euros destinada a la repavimentaci\u00f3 del cam\u00ed de Sant Francesc, una actuaci\u00f3 que executar\u00e0 la Mancomunitat de Municipis Tortosa-Roquetes amb un [&hellip;]<\/p>\n","protected":false},"author":6,"featured_media":18994,"comment_status":"closed","ping_status":"closed","sticky":false,"template":"","format":"standard","meta":{"_et_pb_use_builder":"","_et_pb_old_content":"","_et_gb_content_width":"","footnotes":""},"categories":[22,34,33],"tags":[],"class_list":["post-18993","post","type-post","status-publish","format-standard","has-post-thumbnail","hentry","category-obres-publiques-i-serveis","category-portada","category-subvencions"],"_links":{"self":[{"href":"https:\/\/roquetes.cat\/web\/wp-json\/wp\/v2\/posts\/18993","targetHints":{"allow":["GET"]}}],"collection":[{"href":"https:\/\/roquetes.cat\/web\/wp-json\/wp\/v2\/posts"}],"about":[{"href":"https:\/\/roquetes.cat\/web\/wp-json\/wp\/v2\/types\/post"}],"author":[{"embeddable":true,"href":"https:\/\/roquetes.cat\/web\/wp-json\/wp\/v2\/users\/6"}],"replies":[{"embeddable":true,"href":"https:\/\/roquetes.cat\/web\/wp-json\/wp\/v2\/comments?post=18993"}],"version-history":[{"count":4,"href":"https:\/\/roquetes.cat\/web\/wp-json\/wp\/v2\/posts\/18993\/revisions"}],"predecessor-version":[{"id":18999,"href":"https:\/\/roquetes.cat\/web\/wp-json\/wp\/v2\/posts\/18993\/revisions\/18999"}],"wp:featuredmedia":[{"embeddable":true,"href":"https:\/\/roquetes.cat\/web\/wp-json\/wp\/v2\/media\/18994"}],"wp:attachment":[{"href":"https:\/\/roquetes.cat\/web\/wp-json\/wp\/v2\/media?parent=18993"}],"wp:term":[{"taxonomy":"category","embeddable":true,"href":"https:\/\/roquetes.cat\/web\/wp-json\/wp\/v2\/categories?post=18993"},{"taxonomy":"post_tag","embeddable":true,"href":"https:\/\/roquetes.cat\/web\/wp-json\/wp\/v2\/tags?post=18993"}],"curies":[{"name":"wp","href":"https:\/\/api.w.org\/{rel}","templated":true}]}}