{"id":17991,"date":"2025-12-19T13:31:42","date_gmt":"2025-12-19T12:31:42","guid":{"rendered":"https:\/\/roquetes.cat\/web\/?p=17991"},"modified":"2025-12-19T13:31:42","modified_gmt":"2025-12-19T12:31:42","slug":"nou-estudiant-en-practiques-dadministracio-i-finances","status":"publish","type":"post","link":"https:\/\/roquetes.cat\/web\/nou-estudiant-en-practiques-dadministracio-i-finances\/","title":{"rendered":"Nou estudiant en pr\u00e0ctiques d\u2019Administraci\u00f3 i finances"},"content":{"rendered":"<h2>El conveni, signat amb l\u2019Institut de l\u2019Ebre, permetr\u00e0 a l\u2019alumne impulsar la seva formaci\u00f3, amb una estada de 515 hores.<\/h2>\n<p>L&#8217;Ajuntament de Roquetes ha signat un nou acord de col\u00b7laboraci\u00f3 amb l\u2019<strong>Institut de l\u2019Ebre, <\/strong>per a la incorporaci\u00f3 d\u2019un estudiant en pr\u00e0ctiques del cicle formatiu de grau superior d\u2019<strong>Administraci\u00f3 i Finances. <\/strong>L\u2019alcalde de la ciutat, <strong>Ivan Garcia,<\/strong> ha acompanyat l\u2019alumne durant la signatura del conveni, al costat del seu tutor acad\u00e8mic.<\/p>\n<p>L\u2019acord amb el centre formatiu permetr\u00e0 a l\u2019estudiant realitzar una <strong>estada de 515 hores a les oficines municipals,<\/strong> on tindr\u00e0 l\u2019oportunitat d\u2019adquirir experi\u00e8ncia pr\u00e0ctica en el m\u00f3n professional, al departament d\u2019Atenci\u00f3 ciutadana i Tresoreria.<\/p>\n<p>Aquesta col\u00b7laboraci\u00f3 refor\u00e7a el comprom\u00eds del consistori amb la formaci\u00f3 i la inserci\u00f3 laboral del jovent del territori.<\/p>\n<p>Benvingut a la casa, et desitgem una bona estada a l&#8217;Ajuntament de Roquetes!<\/p>\n","protected":false},"excerpt":{"rendered":"<p>El conveni, signat amb l\u2019Institut de l\u2019Ebre, permetr\u00e0 a l\u2019alumne impulsar la seva formaci\u00f3, amb una estada de 515 hores. L&#8217;Ajuntament de Roquetes ha signat un nou acord de col\u00b7laboraci\u00f3 amb l\u2019Institut de l\u2019Ebre, per a la incorporaci\u00f3 d\u2019un estudiant en pr\u00e0ctiques del cicle formatiu de grau superior d\u2019Administraci\u00f3 i Finances. L\u2019alcalde de la ciutat, [&hellip;]<\/p>\n","protected":false},"author":6,"featured_media":17992,"comment_status":"closed","ping_status":"closed","sticky":false,"template":"","format":"standard","meta":{"_et_pb_use_builder":"","_et_pb_old_content":"","_et_gb_content_width":"","footnotes":""},"categories":[74,34],"tags":[],"class_list":["post-17991","post","type-post","status-publish","format-standard","has-post-thumbnail","hentry","category-alumnes-en-practiques","category-portada"],"_links":{"self":[{"href":"https:\/\/roquetes.cat\/web\/wp-json\/wp\/v2\/posts\/17991","targetHints":{"allow":["GET"]}}],"collection":[{"href":"https:\/\/roquetes.cat\/web\/wp-json\/wp\/v2\/posts"}],"about":[{"href":"https:\/\/roquetes.cat\/web\/wp-json\/wp\/v2\/types\/post"}],"author":[{"embeddable":true,"href":"https:\/\/roquetes.cat\/web\/wp-json\/wp\/v2\/users\/6"}],"replies":[{"embeddable":true,"href":"https:\/\/roquetes.cat\/web\/wp-json\/wp\/v2\/comments?post=17991"}],"version-history":[{"count":1,"href":"https:\/\/roquetes.cat\/web\/wp-json\/wp\/v2\/posts\/17991\/revisions"}],"predecessor-version":[{"id":17993,"href":"https:\/\/roquetes.cat\/web\/wp-json\/wp\/v2\/posts\/17991\/revisions\/17993"}],"wp:featuredmedia":[{"embeddable":true,"href":"https:\/\/roquetes.cat\/web\/wp-json\/wp\/v2\/media\/17992"}],"wp:attachment":[{"href":"https:\/\/roquetes.cat\/web\/wp-json\/wp\/v2\/media?parent=17991"}],"wp:term":[{"taxonomy":"category","embeddable":true,"href":"https:\/\/roquetes.cat\/web\/wp-json\/wp\/v2\/categories?post=17991"},{"taxonomy":"post_tag","embeddable":true,"href":"https:\/\/roquetes.cat\/web\/wp-json\/wp\/v2\/tags?post=17991"}],"curies":[{"name":"wp","href":"https:\/\/api.w.org\/{rel}","templated":true}]}}