{"id":17935,"date":"2025-12-16T09:00:42","date_gmt":"2025-12-16T08:00:42","guid":{"rendered":"https:\/\/roquetes.cat\/web\/?p=17935"},"modified":"2026-01-02T10:02:26","modified_gmt":"2026-01-02T09:02:26","slug":"oferta-per-a-joves-dauxiliar-administratiu-del-pla-de-lectura-municipal-de-roquetes","status":"publish","type":"post","link":"https:\/\/roquetes.cat\/web\/oferta-per-a-joves-dauxiliar-administratiu-del-pla-de-lectura-municipal-de-roquetes\/","title":{"rendered":"Oferta per a joves d\u2019auxiliar administratiu del Pla de Lectura Municipal de Roquetes"},"content":{"rendered":"<h2>El termini per a la presentaci\u00f3 de sol\u00b7licituds finalitza l\u20191 de gener.<\/h2>\n<p>L\u2019Ajuntament de Roquetes convoca una <strong>borsa de treball d\u2019auxiliar administratiu del Pla de Lectura Municipal, <\/strong>dintre el<strong> Programa Joves en Pr\u00e0ctiques. <\/strong>El <strong>termini<\/strong> per la presentaci\u00f3 de sol\u00b7licituds finalitza el pr\u00f2xim <strong>1 de gener de 2026.<\/strong><\/p>\n<p>Les persones interessades a participar en el proc\u00e9s poden consultar la seg\u00fcent informaci\u00f3:<\/p>\n<table style=\"border-style: solid;\" border=\"1\">\n<tbody>\n<tr>\n<td style=\"text-align: center;\" width=\"670\"><strong>BASES I CONVOCAT\u00d2RIA<\/strong><\/td>\n<\/tr>\n<tr>\n<td style=\"text-align: center;\" width=\"670\"><strong><a href=\"https:\/\/tauler.seu-e.cat\/detall?idEns=4313310007&amp;idEdicte=603169\">AQU\u00cd<\/a><\/strong><\/td>\n<\/tr>\n<\/tbody>\n<\/table>\n<p><strong>\u00a0<\/strong><\/p>\n<table style=\"border-style: solid;\" border=\"1\">\n<tbody>\n<tr>\n<td style=\"text-align: center;\" width=\"670\"><strong>MODEL DE SOL\u00b7LICITUD I QUADRE RESUM DELS M\u00c8RITS AL\u00b7LEGATS<\/strong><\/td>\n<\/tr>\n<tr>\n<td style=\"text-align: center;\" width=\"670\"><strong><a href=\"https:\/\/tauler.seu-e.cat\/detall?idEns=4313310007&amp;idEdicte=603174\">AQU\u00cd<\/a><\/strong><\/td>\n<\/tr>\n<\/tbody>\n<\/table>\n<p>&nbsp;<\/p>\n<p><strong>Contracte de 12 mesos, a jornada completa<\/strong><\/p>\n<p>El contracte que ofereix l\u2019oferta de treball \u00e9s en la modalitat de pr\u00e0ctiques, amb una durada de <strong>12 mesos a jornada completa.<\/strong><\/p>\n<p>Els <strong>requisits<\/strong> necessaris per optar-hi s\u00f3n:<\/p>\n<ul>\n<li>Tenir <strong>de 16 a 29 anys.<\/strong><\/li>\n<li>Estar registrat\/da com a DONO i al programa Garantia Juvenil.<\/li>\n<li>Disposar de la titulaci\u00f3 de Formaci\u00f3 Professional del grau mitj\u00e0 d\u2019administratiu, un certificat de professionalitat o equivalent.<\/li>\n<li>Que la titulaci\u00f3 estigui finalitzada fa menys de 3 anys, o 5 anys si \u00e9s una persona amb discapacitat.<\/li>\n<\/ul>\n<p>Per tal de formalitzar la inscripci\u00f3, cal completar <strong>2 passos:<\/strong><\/p>\n<ul>\n<li>Inscriure\u2019s a l\u2019oferta del Servei d\u2019Ocupaci\u00f3 de Catalunya (SOC), trucant al n\u00famero 930886200, i dient el codi de l\u2019oferta 09\/2025\/30367.<\/li>\n<li>Presentar la documentaci\u00f3 via inst\u00e0ncia a l\u2019Ajuntament de Roquetes, de forma telem\u00e0tica o presencial.<\/li>\n<\/ul>\n<p><img decoding=\"async\" class=\"alignnone size-full wp-image-17938 lazyload\" data-src=\"https:\/\/roquetes.cat\/web\/wp-content\/uploads\/2025\/12\/POST-1.jpg\" alt=\"\" width=\"1080\" height=\"1350\" data-srcset=\"https:\/\/roquetes.cat\/web\/wp-content\/uploads\/2025\/12\/POST-1.jpg 1080w, https:\/\/roquetes.cat\/web\/wp-content\/uploads\/2025\/12\/POST-1-980x1225.jpg 980w, https:\/\/roquetes.cat\/web\/wp-content\/uploads\/2025\/12\/POST-1-480x600.jpg 480w\" data-sizes=\"(min-width: 0px) and (max-width: 480px) 480px, (min-width: 481px) and (max-width: 980px) 980px, (min-width: 981px) 1080px, 100vw\" src=\"data:image\/svg+xml;base64,PHN2ZyB3aWR0aD0iMSIgaGVpZ2h0PSIxIiB4bWxucz0iaHR0cDovL3d3dy53My5vcmcvMjAwMC9zdmciPjwvc3ZnPg==\" style=\"--smush-placeholder-width: 1080px; --smush-placeholder-aspect-ratio: 1080\/1350;\" \/><\/p>\n","protected":false},"excerpt":{"rendered":"<p>El termini per a la presentaci\u00f3 de sol\u00b7licituds finalitza l\u20191 de gener. L\u2019Ajuntament de Roquetes convoca una borsa de treball d\u2019auxiliar administratiu del Pla de Lectura Municipal, dintre el Programa Joves en Pr\u00e0ctiques. El termini per la presentaci\u00f3 de sol\u00b7licituds finalitza el pr\u00f2xim 1 de gener de 2026. Les persones interessades a participar en el [&hellip;]<\/p>\n","protected":false},"author":6,"featured_media":17936,"comment_status":"closed","ping_status":"closed","sticky":false,"template":"","format":"standard","meta":{"_et_pb_use_builder":"","_et_pb_old_content":"","_et_gb_content_width":"","footnotes":""},"categories":[1,14,34,38],"tags":[],"class_list":["post-17935","post","type-post","status-publish","format-standard","has-post-thumbnail","hentry","category-cultura","category-dinamitzacio-economica","category-portada","category-secretaria"],"_links":{"self":[{"href":"https:\/\/roquetes.cat\/web\/wp-json\/wp\/v2\/posts\/17935","targetHints":{"allow":["GET"]}}],"collection":[{"href":"https:\/\/roquetes.cat\/web\/wp-json\/wp\/v2\/posts"}],"about":[{"href":"https:\/\/roquetes.cat\/web\/wp-json\/wp\/v2\/types\/post"}],"author":[{"embeddable":true,"href":"https:\/\/roquetes.cat\/web\/wp-json\/wp\/v2\/users\/6"}],"replies":[{"embeddable":true,"href":"https:\/\/roquetes.cat\/web\/wp-json\/wp\/v2\/comments?post=17935"}],"version-history":[{"count":4,"href":"https:\/\/roquetes.cat\/web\/wp-json\/wp\/v2\/posts\/17935\/revisions"}],"predecessor-version":[{"id":17941,"href":"https:\/\/roquetes.cat\/web\/wp-json\/wp\/v2\/posts\/17935\/revisions\/17941"}],"wp:featuredmedia":[{"embeddable":true,"href":"https:\/\/roquetes.cat\/web\/wp-json\/wp\/v2\/media\/17936"}],"wp:attachment":[{"href":"https:\/\/roquetes.cat\/web\/wp-json\/wp\/v2\/media?parent=17935"}],"wp:term":[{"taxonomy":"category","embeddable":true,"href":"https:\/\/roquetes.cat\/web\/wp-json\/wp\/v2\/categories?post=17935"},{"taxonomy":"post_tag","embeddable":true,"href":"https:\/\/roquetes.cat\/web\/wp-json\/wp\/v2\/tags?post=17935"}],"curies":[{"name":"wp","href":"https:\/\/api.w.org\/{rel}","templated":true}]}}