{"id":17766,"date":"2025-12-01T12:19:54","date_gmt":"2025-12-01T11:19:54","guid":{"rendered":"https:\/\/roquetes.cat\/web\/?p=17766"},"modified":"2025-12-02T13:30:39","modified_gmt":"2025-12-02T12:30:39","slug":"celebra-el-cap-dany-2026-a-roquetes","status":"publish","type":"post","link":"https:\/\/roquetes.cat\/web\/celebra-el-cap-dany-2026-a-roquetes\/","title":{"rendered":"Celebra el cap d\u2019any 2026 a Roquetes!"},"content":{"rendered":"<h2>Ja est\u00e0 oberta la venda d\u2019entrades, a trav\u00e9s de la plataforma e\u00c0gora, per a la festa de benvinguda de l\u2019any nou, al Pavell\u00f3 Municipal de Roquetes.<\/h2>\n<p>La festa m\u00e9s esperada, a casa! Roquetes viur\u00e0 el proper 31 de desembre, a partir de les 21.00 hores, la <strong>revetlla de cap d\u2019any 2026,<\/strong> amb una celebraci\u00f3 per a grans i petits al Pavell\u00f3 Municipal. La <strong>venda d\u2019entrades ja es troba oberta, <\/strong>a trav\u00e9s de la plataforma <strong>e\u00c0gora,<\/strong> fins al pr\u00f2xim <strong>dia 22, amb aforament limitat.<\/strong><\/p>\n<p><strong>Sopar i m\u00fasica fins la matinada<\/strong><\/p>\n<p>L\u2019Ajuntament de Roquetes facilitar\u00e0 taules i cadires per poder sopar, i la nit de bona companyia i gresca continuar\u00e0 amb el grup <strong>SOMROCK,<\/strong> amb tots els \u00e8xits, mentre que <strong>DJ Sarau <\/strong>ser\u00e0 l\u2019encarregat d\u2019allargar la matinada.<\/p>\n<p>Els preus s\u00f3n:<\/p>\n<ul>\n<li>Adult (15 euros).<\/li>\n<li>J\u00fanior, de 12 a 17 anys (7 euros).<\/li>\n<li>Infantil, de 0 a 11 anys (3 euros).<\/li>\n<\/ul>\n<p><strong>Compra les teves entrades<\/strong><\/p>\n<p>Les persones interessades poden comprar les entrades per assistir a la festa de cap d\u2019any a Roquetes a continuaci\u00f3:<\/p>\n<table style=\"border-style: solid;\" border=\"1\">\n<tbody>\n<tr>\n<td style=\"text-align: center;\" width=\"670\"><strong>ENTRADES CAP D\u2019ANY 2026 A ROQUETES<\/strong><\/td>\n<\/tr>\n<tr>\n<td style=\"text-align: center;\" width=\"670\"><strong><a href=\"https:\/\/web.eagora.app\/a\/roquetes\/details\/01KAZSJE61E16TZHZH5BCWRF6N\/compra-entrades-cap-dany-pavello-roquetes\">AQU\u00cd<\/a><\/strong><\/td>\n<\/tr>\n<\/tbody>\n<\/table>\n<p>&nbsp;<\/p>\n<p><img decoding=\"async\" class=\"alignnone size-full wp-image-17779 lazyload\" data-src=\"https:\/\/roquetes.cat\/web\/wp-content\/uploads\/2025\/12\/DIN-A4-Cap-dany-a-Roquetes__page-0001.jpg\" alt=\"\" width=\"1241\" height=\"1755\" data-srcset=\"https:\/\/roquetes.cat\/web\/wp-content\/uploads\/2025\/12\/DIN-A4-Cap-dany-a-Roquetes__page-0001.jpg 1241w, https:\/\/roquetes.cat\/web\/wp-content\/uploads\/2025\/12\/DIN-A4-Cap-dany-a-Roquetes__page-0001-980x1386.jpg 980w, https:\/\/roquetes.cat\/web\/wp-content\/uploads\/2025\/12\/DIN-A4-Cap-dany-a-Roquetes__page-0001-480x679.jpg 480w\" data-sizes=\"(min-width: 0px) and (max-width: 480px) 480px, (min-width: 481px) and (max-width: 980px) 980px, (min-width: 981px) 1241px, 100vw\" src=\"data:image\/svg+xml;base64,PHN2ZyB3aWR0aD0iMSIgaGVpZ2h0PSIxIiB4bWxucz0iaHR0cDovL3d3dy53My5vcmcvMjAwMC9zdmciPjwvc3ZnPg==\" style=\"--smush-placeholder-width: 1241px; --smush-placeholder-aspect-ratio: 1241\/1755;\" \/><\/p>\n","protected":false},"excerpt":{"rendered":"<p>Ja est\u00e0 oberta la venda d\u2019entrades, a trav\u00e9s de la plataforma e\u00c0gora, per a la festa de benvinguda de l\u2019any nou, al Pavell\u00f3 Municipal de Roquetes. La festa m\u00e9s esperada, a casa! Roquetes viur\u00e0 el proper 31 de desembre, a partir de les 21.00 hores, la revetlla de cap d\u2019any 2026, amb una celebraci\u00f3 per [&hellip;]<\/p>\n","protected":false},"author":6,"featured_media":17767,"comment_status":"closed","ping_status":"closed","sticky":false,"template":"","format":"standard","meta":{"_et_pb_use_builder":"","_et_pb_old_content":"","_et_gb_content_width":"","footnotes":""},"categories":[1,34],"tags":[],"class_list":["post-17766","post","type-post","status-publish","format-standard","has-post-thumbnail","hentry","category-cultura","category-portada"],"_links":{"self":[{"href":"https:\/\/roquetes.cat\/web\/wp-json\/wp\/v2\/posts\/17766","targetHints":{"allow":["GET"]}}],"collection":[{"href":"https:\/\/roquetes.cat\/web\/wp-json\/wp\/v2\/posts"}],"about":[{"href":"https:\/\/roquetes.cat\/web\/wp-json\/wp\/v2\/types\/post"}],"author":[{"embeddable":true,"href":"https:\/\/roquetes.cat\/web\/wp-json\/wp\/v2\/users\/6"}],"replies":[{"embeddable":true,"href":"https:\/\/roquetes.cat\/web\/wp-json\/wp\/v2\/comments?post=17766"}],"version-history":[{"count":4,"href":"https:\/\/roquetes.cat\/web\/wp-json\/wp\/v2\/posts\/17766\/revisions"}],"predecessor-version":[{"id":17780,"href":"https:\/\/roquetes.cat\/web\/wp-json\/wp\/v2\/posts\/17766\/revisions\/17780"}],"wp:featuredmedia":[{"embeddable":true,"href":"https:\/\/roquetes.cat\/web\/wp-json\/wp\/v2\/media\/17767"}],"wp:attachment":[{"href":"https:\/\/roquetes.cat\/web\/wp-json\/wp\/v2\/media?parent=17766"}],"wp:term":[{"taxonomy":"category","embeddable":true,"href":"https:\/\/roquetes.cat\/web\/wp-json\/wp\/v2\/categories?post=17766"},{"taxonomy":"post_tag","embeddable":true,"href":"https:\/\/roquetes.cat\/web\/wp-json\/wp\/v2\/tags?post=17766"}],"curies":[{"name":"wp","href":"https:\/\/api.w.org\/{rel}","templated":true}]}}