{"id":17555,"date":"2025-11-14T14:34:45","date_gmt":"2025-11-14T13:34:45","guid":{"rendered":"https:\/\/roquetes.cat\/web\/?p=17555"},"modified":"2025-11-14T14:55:09","modified_gmt":"2025-11-14T13:55:09","slug":"busquem-el-tio-en-familia-a-lobservatori-de-lebre","status":"publish","type":"post","link":"https:\/\/roquetes.cat\/web\/busquem-el-tio-en-familia-a-lobservatori-de-lebre\/","title":{"rendered":"\u2018Busquem el ti\u00f3 en fam\u00edlia\u2019, a l\u2019Observatori de l\u2019Ebre"},"content":{"rendered":"<h2>L\u2019activitat, per a infants a partir d\u2019un any, tindr\u00e0 lloc el diumenge 30 de novembre, i hi haur\u00e0 tres torns, amb aforament limitat.<\/h2>\n<p>S\u2019acosta el Nadal, per a petits i grans. Un nou any, <strong>Roquetes acollir\u00e0 l\u2019activitat \u2018Busquem el ti\u00f3 en fam\u00edlia\u2019,<\/strong> el pr\u00f2xim <strong>diumenge 30 de novembre,<\/strong> <strong>a l\u2019entorn de l\u2019Observatori de l\u2019Ebre. <\/strong>Els nens i nenes podran buscar el tronc acompanyats per la seva fam\u00edlia, en una activitat dirigida a infants a partir d\u2019un any, i amb aforament limitat. Hi haur\u00e0 tres torns diferents, perqu\u00e8 cadasc\u00fa pugui escollir el seu: d\u201911.00h a 12.30h, de 12.30h a 14.00h, o b\u00e9 de 16.00h a 17.30h.<\/p>\n<p>L\u2019esdeveniment estar\u00e0 organitzat per l\u2019\u00c0rea de Joventut de l\u2019Ajuntament de Roquetes, amb la col\u00b7laboraci\u00f3 de l\u2019<strong>Observatori de l\u2019Ebre <\/strong>i de la <strong>Cooperativa Soldebre.<\/strong><\/p>\n<p><strong>La inscripci\u00f3, a trav\u00e9s d\u2019e\u00c0gora<\/strong><\/p>\n<p>Les persones interessades poden fer la seva inscripci\u00f3 a trav\u00e9s de la <strong>plataforma e\u00c0gora,<\/strong> fent clic al seg\u00fcent enlla\u00e7:<\/p>\n<table style=\"border-style: solid;\" border=\"1\">\n<tbody>\n<tr>\n<td style=\"text-align: center;\" width=\"670\"><strong>INSCRIPCI\u00d3 \u2018BUSQUEM EL TI\u00d3 EN FAM\u00cdLIA\u2019 2025<\/strong><\/td>\n<\/tr>\n<tr>\n<td style=\"text-align: center;\" width=\"670\"><strong><a href=\"https:\/\/web.eagora.app\/a\/roquetes\/details\/01K9YFD02EES3DM3QG4D0ECTBF\/busquem-el-tio-en-familia\">AQU\u00cd<\/a><\/strong><\/td>\n<\/tr>\n<\/tbody>\n<\/table>\n<p>&nbsp;<\/p>\n<p>En cas de no disposar d\u2019usuari, cal crear-lo en el moment de la reserva, per poder inscriure\u2019s a l\u2019activitat. En finalitzar el proc\u00e9s, l\u2019usuari\/a rebr\u00e0 un correu de confirmaci\u00f3.<\/p>\n<p class=\"Default\" style=\"text-align: justify;\"><b><span lang=\"CA\">Alliberacions i llista d\u2019espera<\/span><\/b><\/p>\n<p class=\"Default\" style=\"text-align: justify;\"><span lang=\"CA\">Tanmateix, es demana responsabilitat a l\u2019hora de realitzar les inscripcions, o b\u00e9 alliberar la reserva en cas de no poder assistir, per evitar que la pla\u00e7a es quedi sense cobrir, enviant un correu a <b><a href=\"mailto:joventut@roquetes.cat\">joventut@roquetes.cat<\/a><\/b> <\/span><b><span lang=\"CA\">\u00a0<\/span><\/b><\/p>\n<p class=\"Default\" style=\"text-align: justify;\"><span lang=\"CA\">En cas de quedar-se sense pla\u00e7a, es pot enviar un correu a la mateixa adre\u00e7a, per entrar a formar part de la llista d\u2019espera.<\/span><\/p>\n<p><img decoding=\"async\" class=\"alignnone size-full wp-image-17551 lazyload\" data-src=\"https:\/\/roquetes.cat\/web\/wp-content\/uploads\/2025\/11\/Post-Tio-de-Nadal-1.jpg\" alt=\"\" width=\"1414\" height=\"2000\" data-srcset=\"https:\/\/roquetes.cat\/web\/wp-content\/uploads\/2025\/11\/Post-Tio-de-Nadal-1.jpg 1414w, https:\/\/roquetes.cat\/web\/wp-content\/uploads\/2025\/11\/Post-Tio-de-Nadal-1-1280x1810.jpg 1280w, https:\/\/roquetes.cat\/web\/wp-content\/uploads\/2025\/11\/Post-Tio-de-Nadal-1-980x1386.jpg 980w, https:\/\/roquetes.cat\/web\/wp-content\/uploads\/2025\/11\/Post-Tio-de-Nadal-1-480x679.jpg 480w\" data-sizes=\"(min-width: 0px) and (max-width: 480px) 480px, (min-width: 481px) and (max-width: 980px) 980px, (min-width: 981px) and (max-width: 1280px) 1280px, (min-width: 1281px) 1414px, 100vw\" src=\"data:image\/svg+xml;base64,PHN2ZyB3aWR0aD0iMSIgaGVpZ2h0PSIxIiB4bWxucz0iaHR0cDovL3d3dy53My5vcmcvMjAwMC9zdmciPjwvc3ZnPg==\" style=\"--smush-placeholder-width: 1414px; --smush-placeholder-aspect-ratio: 1414\/2000;\" \/><\/p>\n","protected":false},"excerpt":{"rendered":"<p>L\u2019activitat, per a infants a partir d\u2019un any, tindr\u00e0 lloc el diumenge 30 de novembre, i hi haur\u00e0 tres torns, amb aforament limitat. S\u2019acosta el Nadal, per a petits i grans. Un nou any, Roquetes acollir\u00e0 l\u2019activitat \u2018Busquem el ti\u00f3 en fam\u00edlia\u2019, el pr\u00f2xim diumenge 30 de novembre, a l\u2019entorn de l\u2019Observatori de l\u2019Ebre. Els [&hellip;]<\/p>\n","protected":false},"author":6,"featured_media":17556,"comment_status":"closed","ping_status":"closed","sticky":false,"template":"","format":"standard","meta":{"_et_pb_use_builder":"","_et_pb_old_content":"","_et_gb_content_width":"","footnotes":""},"categories":[15,34],"tags":[],"class_list":["post-17555","post","type-post","status-publish","format-standard","has-post-thumbnail","hentry","category-joventut","category-portada"],"_links":{"self":[{"href":"https:\/\/roquetes.cat\/web\/wp-json\/wp\/v2\/posts\/17555","targetHints":{"allow":["GET"]}}],"collection":[{"href":"https:\/\/roquetes.cat\/web\/wp-json\/wp\/v2\/posts"}],"about":[{"href":"https:\/\/roquetes.cat\/web\/wp-json\/wp\/v2\/types\/post"}],"author":[{"embeddable":true,"href":"https:\/\/roquetes.cat\/web\/wp-json\/wp\/v2\/users\/6"}],"replies":[{"embeddable":true,"href":"https:\/\/roquetes.cat\/web\/wp-json\/wp\/v2\/comments?post=17555"}],"version-history":[{"count":2,"href":"https:\/\/roquetes.cat\/web\/wp-json\/wp\/v2\/posts\/17555\/revisions"}],"predecessor-version":[{"id":17558,"href":"https:\/\/roquetes.cat\/web\/wp-json\/wp\/v2\/posts\/17555\/revisions\/17558"}],"wp:featuredmedia":[{"embeddable":true,"href":"https:\/\/roquetes.cat\/web\/wp-json\/wp\/v2\/media\/17556"}],"wp:attachment":[{"href":"https:\/\/roquetes.cat\/web\/wp-json\/wp\/v2\/media?parent=17555"}],"wp:term":[{"taxonomy":"category","embeddable":true,"href":"https:\/\/roquetes.cat\/web\/wp-json\/wp\/v2\/categories?post=17555"},{"taxonomy":"post_tag","embeddable":true,"href":"https:\/\/roquetes.cat\/web\/wp-json\/wp\/v2\/tags?post=17555"}],"curies":[{"name":"wp","href":"https:\/\/api.w.org\/{rel}","templated":true}]}}