{"id":17339,"date":"2025-10-21T11:23:03","date_gmt":"2025-10-21T09:23:03","guid":{"rendered":"https:\/\/roquetes.cat\/web\/?p=17339"},"modified":"2025-10-21T11:26:36","modified_gmt":"2025-10-21T09:26:36","slug":"la-castanyada-per-als-mes-menuts-a-roquetes","status":"publish","type":"post","link":"https:\/\/roquetes.cat\/web\/la-castanyada-per-als-mes-menuts-a-roquetes\/","title":{"rendered":"La Castanyada per als m\u00e9s menuts, a Roquetes!"},"content":{"rendered":"<h2>El divendres 31 d\u2019octubre la ciutat acollir\u00e0 una festa infantil de tarda, al Pati dels Til\u00b7lers, amb espectacle, castanyes i xocolatada per als infants.<\/h2>\n<p>Un dia de tradicions. <strong>Els m\u00e9s menuts viuran una festa especial de la Castanyada 2025 <\/strong>a Roquetes, amb un acte infantil el proper <strong>divendres 31 d\u2019octubre<\/strong>, a partir de les <strong>17.00 hores,<\/strong> al <strong>Pati dels Til\u00b7lers,<\/strong> del Centre C\u00edvic.<\/p>\n<p>La tarda d\u2019activitats comptar\u00e0 amb la representaci\u00f3 teatral \u2018La Castanyera i el Follet de la Tardor\u2019. A m\u00e9s, hi haur\u00e0 castanyes recent torrades, aix\u00ed com xocolatada i bescuits per aquells xiquets i xiquetes que vagin disfressats de castanyers i castanyeres. Cadasc\u00fa haur\u00e0 de portar el seu got i cullera.<\/p>\n<p><strong>Una activitat gratu\u00efta per tothom<\/strong><\/p>\n<p>La jornada estar\u00e0 organitzada conjuntament per l\u2019Ajuntament de la ciutat i el <strong>Patronat de Festes de Roquetes,<\/strong> i tindr\u00e0 acc\u00e9s lliure i gratu\u00eft per tothom.<\/p>\n<p><img decoding=\"async\" class=\"alignnone size-full wp-image-17329 lazyload\" data-src=\"https:\/\/roquetes.cat\/web\/wp-content\/uploads\/2025\/10\/DIN-A4-CASTANYADA-2025-.jpg\" alt=\"\" width=\"1414\" height=\"2000\" data-srcset=\"https:\/\/roquetes.cat\/web\/wp-content\/uploads\/2025\/10\/DIN-A4-CASTANYADA-2025-.jpg 1414w, https:\/\/roquetes.cat\/web\/wp-content\/uploads\/2025\/10\/DIN-A4-CASTANYADA-2025--1280x1810.jpg 1280w, https:\/\/roquetes.cat\/web\/wp-content\/uploads\/2025\/10\/DIN-A4-CASTANYADA-2025--980x1386.jpg 980w, https:\/\/roquetes.cat\/web\/wp-content\/uploads\/2025\/10\/DIN-A4-CASTANYADA-2025--480x679.jpg 480w\" data-sizes=\"(min-width: 0px) and (max-width: 480px) 480px, (min-width: 481px) and (max-width: 980px) 980px, (min-width: 981px) and (max-width: 1280px) 1280px, (min-width: 1281px) 1414px, 100vw\" src=\"data:image\/svg+xml;base64,PHN2ZyB3aWR0aD0iMSIgaGVpZ2h0PSIxIiB4bWxucz0iaHR0cDovL3d3dy53My5vcmcvMjAwMC9zdmciPjwvc3ZnPg==\" style=\"--smush-placeholder-width: 1414px; --smush-placeholder-aspect-ratio: 1414\/2000;\" \/><\/p>\n","protected":false},"excerpt":{"rendered":"<p>El divendres 31 d\u2019octubre la ciutat acollir\u00e0 una festa infantil de tarda, al Pati dels Til\u00b7lers, amb espectacle, castanyes i xocolatada per als infants. Un dia de tradicions. Els m\u00e9s menuts viuran una festa especial de la Castanyada 2025 a Roquetes, amb un acte infantil el proper divendres 31 d\u2019octubre, a partir de les 17.00 [&hellip;]<\/p>\n","protected":false},"author":6,"featured_media":17341,"comment_status":"closed","ping_status":"closed","sticky":false,"template":"","format":"standard","meta":{"_et_pb_use_builder":"","_et_pb_old_content":"","_et_gb_content_width":"","footnotes":""},"categories":[1,15,34],"tags":[],"class_list":["post-17339","post","type-post","status-publish","format-standard","has-post-thumbnail","hentry","category-cultura","category-joventut","category-portada"],"_links":{"self":[{"href":"https:\/\/roquetes.cat\/web\/wp-json\/wp\/v2\/posts\/17339","targetHints":{"allow":["GET"]}}],"collection":[{"href":"https:\/\/roquetes.cat\/web\/wp-json\/wp\/v2\/posts"}],"about":[{"href":"https:\/\/roquetes.cat\/web\/wp-json\/wp\/v2\/types\/post"}],"author":[{"embeddable":true,"href":"https:\/\/roquetes.cat\/web\/wp-json\/wp\/v2\/users\/6"}],"replies":[{"embeddable":true,"href":"https:\/\/roquetes.cat\/web\/wp-json\/wp\/v2\/comments?post=17339"}],"version-history":[{"count":4,"href":"https:\/\/roquetes.cat\/web\/wp-json\/wp\/v2\/posts\/17339\/revisions"}],"predecessor-version":[{"id":17344,"href":"https:\/\/roquetes.cat\/web\/wp-json\/wp\/v2\/posts\/17339\/revisions\/17344"}],"wp:featuredmedia":[{"embeddable":true,"href":"https:\/\/roquetes.cat\/web\/wp-json\/wp\/v2\/media\/17341"}],"wp:attachment":[{"href":"https:\/\/roquetes.cat\/web\/wp-json\/wp\/v2\/media?parent=17339"}],"wp:term":[{"taxonomy":"category","embeddable":true,"href":"https:\/\/roquetes.cat\/web\/wp-json\/wp\/v2\/categories?post=17339"},{"taxonomy":"post_tag","embeddable":true,"href":"https:\/\/roquetes.cat\/web\/wp-json\/wp\/v2\/tags?post=17339"}],"curies":[{"name":"wp","href":"https:\/\/api.w.org\/{rel}","templated":true}]}}