{"id":16969,"date":"2025-09-24T18:39:49","date_gmt":"2025-09-24T16:39:49","guid":{"rendered":"https:\/\/roquetes.cat\/web\/?p=16969"},"modified":"2025-09-24T18:49:11","modified_gmt":"2025-09-24T16:49:11","slug":"inscripcions-obertes-per-participar-a-la-31a-fira-de-nadal-de-roquetes","status":"publish","type":"post","link":"https:\/\/roquetes.cat\/web\/inscripcions-obertes-per-participar-a-la-31a-fira-de-nadal-de-roquetes\/","title":{"rendered":"Inscripcions obertes per participar a la 31a Fira de Nadal de Roquetes"},"content":{"rendered":"<p><iframe title=\"YouTube video player\" data-src=\"https:\/\/www.youtube.com\/embed\/tcqotptxs9A?si=6kDTdB9O2wC-FJ-U\" width=\"560\" height=\"315\" frameborder=\"0\" allowfullscreen=\"allowfullscreen\" src=\"data:image\/svg+xml;base64,PHN2ZyB3aWR0aD0iMSIgaGVpZ2h0PSIxIiB4bWxucz0iaHR0cDovL3d3dy53My5vcmcvMjAwMC9zdmciPjwvc3ZnPg==\" class=\"lazyload\" data-load-mode=\"1\"><\/iframe><\/p>\n<h2>Els paradistes i expositors ja poden reservar la seva pla\u00e7a per l\u2019esdeveniment, que tindr\u00e0 lloc el cap de setmana del 13 i 14 de desembre.<\/h2>\n<p>La m\u00e9s antiga de les Terres de l\u2019Ebre. <strong>La Fira de Nadal de Roquetes arriba enguany a la seva 31a edici\u00f3,<\/strong> consolidada com un dels esdeveniments m\u00e9s esperats de les festes nadalenques a la ciutat. La cita tindr\u00e0 lloc el cap de setmana del <strong>13 i 14 de desembre,<\/strong> en horari de 10.00h a 13.00h i de 17.00h a 21.00h, i s\u2019ubicar\u00e0 al Passeig Ramon Bosch i Rosell, la Pla\u00e7a dels Pa\u00efsos Catalans i el Mercat Municipal.<\/p>\n<p>La fira comptar\u00e0 amb la participaci\u00f3 de <strong>comer\u00e7os, artesans i entitats locals,<\/strong> que oferiran una \u00e0mplia varietat de productes i propostes per gaudir d\u2019aquestes dates en fam\u00edlia.<\/p>\n<p><strong>Reserva la teva pla\u00e7a<\/strong><\/p>\n<p>L\u2019Ajuntament de Roquetes ja ha <strong>obert el per\u00edode d\u2019inscripci\u00f3 per a tots aquells paradistes i expositors interessats <\/strong>en reservar la seva pla\u00e7a. El tr\u00e0mit es pot realitzar a trav\u00e9s del seg\u00fcent formulari:<\/p>\n<table style=\"border-style: solid;\" border=\"1\">\n<tbody>\n<tr>\n<td style=\"text-align: center;\" width=\"670\"><strong>INSCRIPCI\u00d3 31a FIRA DE NADAL DE ROQUETES<\/strong><\/td>\n<\/tr>\n<tr>\n<td style=\"text-align: center;\" width=\"670\"><a href=\"https:\/\/docs.google.com\/forms\/d\/e\/1FAIpQLSfLgboV5bKP6_4uxtjm-V9f0pFvOPVla5pjN1TaOduhu-yIbg\/viewform\"><strong>AQU\u00cd<\/strong><\/a><\/td>\n<\/tr>\n<\/tbody>\n<\/table>\n<p>&nbsp;<\/p>\n<p>El <strong>tancament d\u2019inscripcions es produir\u00e0 el dia 30 de novembre,<\/strong> o fins que s\u2019exhaureixin les places disponibles.<\/p>\n<p><strong>Correu d\u2019atenci\u00f3 per dubtes i consultes<\/strong><\/p>\n<p>Per a qualsevol dubte o consulta relacionada amb la <strong>31a Fira de Nadal de Roquetes,<\/strong> es pot dirigir un correu electr\u00f2nic a l\u2019adre\u00e7a aodl@roquetes.cat.<\/p>\n<p><img decoding=\"async\" class=\"alignnone size-full wp-image-16971 lazyload\" data-src=\"https:\/\/roquetes.cat\/web\/wp-content\/uploads\/2025\/09\/DIN-A4-FIRA-NADAL.jpg\" alt=\"\" width=\"1414\" height=\"2000\" data-srcset=\"https:\/\/roquetes.cat\/web\/wp-content\/uploads\/2025\/09\/DIN-A4-FIRA-NADAL.jpg 1414w, https:\/\/roquetes.cat\/web\/wp-content\/uploads\/2025\/09\/DIN-A4-FIRA-NADAL-1280x1810.jpg 1280w, https:\/\/roquetes.cat\/web\/wp-content\/uploads\/2025\/09\/DIN-A4-FIRA-NADAL-980x1386.jpg 980w, https:\/\/roquetes.cat\/web\/wp-content\/uploads\/2025\/09\/DIN-A4-FIRA-NADAL-480x679.jpg 480w\" data-sizes=\"(min-width: 0px) and (max-width: 480px) 480px, (min-width: 481px) and (max-width: 980px) 980px, (min-width: 981px) and (max-width: 1280px) 1280px, (min-width: 1281px) 1414px, 100vw\" src=\"data:image\/svg+xml;base64,PHN2ZyB3aWR0aD0iMSIgaGVpZ2h0PSIxIiB4bWxucz0iaHR0cDovL3d3dy53My5vcmcvMjAwMC9zdmciPjwvc3ZnPg==\" style=\"--smush-placeholder-width: 1414px; --smush-placeholder-aspect-ratio: 1414\/2000;\" \/><\/p>\n","protected":false},"excerpt":{"rendered":"<p>Els paradistes i expositors ja poden reservar la seva pla\u00e7a per l\u2019esdeveniment, que tindr\u00e0 lloc el cap de setmana del 13 i 14 de desembre. La m\u00e9s antiga de les Terres de l\u2019Ebre. La Fira de Nadal de Roquetes arriba enguany a la seva 31a edici\u00f3, consolidada com un dels esdeveniments m\u00e9s esperats de les [&hellip;]<\/p>\n","protected":false},"author":6,"featured_media":16970,"comment_status":"closed","ping_status":"closed","sticky":false,"template":"","format":"standard","meta":{"_et_pb_use_builder":"","_et_pb_old_content":"","_et_gb_content_width":"","footnotes":""},"categories":[67,14,34,24],"tags":[],"class_list":["post-16969","post","type-post","status-publish","format-standard","has-post-thumbnail","hentry","category-fires-mercats-i-esdeveniments","category-dinamitzacio-economica","category-portada","category-turisme"],"_links":{"self":[{"href":"https:\/\/roquetes.cat\/web\/wp-json\/wp\/v2\/posts\/16969","targetHints":{"allow":["GET"]}}],"collection":[{"href":"https:\/\/roquetes.cat\/web\/wp-json\/wp\/v2\/posts"}],"about":[{"href":"https:\/\/roquetes.cat\/web\/wp-json\/wp\/v2\/types\/post"}],"author":[{"embeddable":true,"href":"https:\/\/roquetes.cat\/web\/wp-json\/wp\/v2\/users\/6"}],"replies":[{"embeddable":true,"href":"https:\/\/roquetes.cat\/web\/wp-json\/wp\/v2\/comments?post=16969"}],"version-history":[{"count":2,"href":"https:\/\/roquetes.cat\/web\/wp-json\/wp\/v2\/posts\/16969\/revisions"}],"predecessor-version":[{"id":16974,"href":"https:\/\/roquetes.cat\/web\/wp-json\/wp\/v2\/posts\/16969\/revisions\/16974"}],"wp:featuredmedia":[{"embeddable":true,"href":"https:\/\/roquetes.cat\/web\/wp-json\/wp\/v2\/media\/16970"}],"wp:attachment":[{"href":"https:\/\/roquetes.cat\/web\/wp-json\/wp\/v2\/media?parent=16969"}],"wp:term":[{"taxonomy":"category","embeddable":true,"href":"https:\/\/roquetes.cat\/web\/wp-json\/wp\/v2\/categories?post=16969"},{"taxonomy":"post_tag","embeddable":true,"href":"https:\/\/roquetes.cat\/web\/wp-json\/wp\/v2\/tags?post=16969"}],"curies":[{"name":"wp","href":"https:\/\/api.w.org\/{rel}","templated":true}]}}