{"id":1645,"date":"2021-11-23T15:38:17","date_gmt":"2021-11-23T13:38:17","guid":{"rendered":"https:\/\/roquetes.cat\/web\/?p=1645"},"modified":"2022-10-11T12:57:20","modified_gmt":"2022-10-11T10:57:20","slug":"installacions-fotovoltaiques-dautoconsum-per-lajuntament-de-roquetes-ceip-marcelli-domingo-i-ceip-ravaleta","status":"publish","type":"post","link":"https:\/\/roquetes.cat\/web\/installacions-fotovoltaiques-dautoconsum-per-lajuntament-de-roquetes-ceip-marcelli-domingo-i-ceip-ravaleta\/","title":{"rendered":"Instal\u00b7lacions fotovoltaiques d&#8217;autoconsum per l&#8217;Ajuntament de Roquetes, CEIP Marcel\u00b7l\u00ed Domingo i CEIP Ravaleta"},"content":{"rendered":"<p class=\"western\" align=\"justify\"><span style=\"font-family: Arial, sans-serif;\"><span style=\"font-size: small;\"><span lang=\"ca-ES\">Projecte: <\/span><\/span><\/span><a href=\"https:\/\/roquetes.cat\/web\/wp-content\/uploads\/2021\/11\/Projecte-3PlantesFotovoltaica_Roquetes_SG_211105.pdf\" target=\"_blank\" rel=\"noopener\"><span style=\"font-family: Arial-BoldMT;\"><span style=\"font-size: small;\"><span lang=\"ca-ES\"><b>&#8220;Instal\u00b7lacions fotovoltaiques d&#8217;autoconsum per l&#8217;Ajuntament de <\/b><\/span><\/span><\/span><span style=\"font-family: Arial-BoldMT;\"><span style=\"font-size: small;\"><b>Roquetes, CEIP Marcel\u00b7l\u00ed Domingo i CEIP Ravaleta&#8221;<\/b><\/span><\/span><\/a><\/p>\n<p class=\"western\" align=\"justify\"><span style=\"font-family: Arial, sans-serif;\"><span style=\"font-size: small;\"><b>Pressupost: 159.958,85<\/b>\u20ac iva incl\u00f2s.<\/span><\/span><\/p>\n<p class=\"western\" align=\"justify\"><span style=\"font-family: Arial, sans-serif;\"><span style=\"font-size: small;\">Exposici\u00f3 al p\u00fablic durant 30 dies s&#8217;acaba el 27 de desembre de 2021.<\/span><\/span><\/p>\n<p align=\"justify\"><img decoding=\"async\" class=\"alignnone size-full wp-image-1310 lazyload\" data-src=\"https:\/\/roquetes.cat\/web\/wp-content\/uploads\/2021\/07\/Logo_DIPUTACIO.jpg\" alt=\"\" width=\"300\" height=\"250\" src=\"data:image\/svg+xml;base64,PHN2ZyB3aWR0aD0iMSIgaGVpZ2h0PSIxIiB4bWxucz0iaHR0cDovL3d3dy53My5vcmcvMjAwMC9zdmciPjwvc3ZnPg==\" style=\"--smush-placeholder-width: 300px; --smush-placeholder-aspect-ratio: 300\/250;\" \/><\/p>\n","protected":false},"excerpt":{"rendered":"<p>Projecte: &#8220;Instal\u00b7lacions fotovoltaiques d&#8217;autoconsum per l&#8217;Ajuntament de Roquetes, CEIP Marcel\u00b7l\u00ed Domingo i CEIP Ravaleta&#8221; Pressupost: 159.958,85\u20ac iva incl\u00f2s. Exposici\u00f3 al p\u00fablic durant 30 dies s&#8217;acaba el 27 de desembre de 2021.<\/p>\n","protected":false},"author":2,"featured_media":989,"comment_status":"closed","ping_status":"closed","sticky":false,"template":"","format":"standard","meta":{"_et_pb_use_builder":"","_et_pb_old_content":"","_et_gb_content_width":"","footnotes":""},"categories":[40],"tags":[],"class_list":["post-1645","post","type-post","status-publish","format-standard","has-post-thumbnail","hentry","category-projectes-dobres-ajuntament"],"_links":{"self":[{"href":"https:\/\/roquetes.cat\/web\/wp-json\/wp\/v2\/posts\/1645","targetHints":{"allow":["GET"]}}],"collection":[{"href":"https:\/\/roquetes.cat\/web\/wp-json\/wp\/v2\/posts"}],"about":[{"href":"https:\/\/roquetes.cat\/web\/wp-json\/wp\/v2\/types\/post"}],"author":[{"embeddable":true,"href":"https:\/\/roquetes.cat\/web\/wp-json\/wp\/v2\/users\/2"}],"replies":[{"embeddable":true,"href":"https:\/\/roquetes.cat\/web\/wp-json\/wp\/v2\/comments?post=1645"}],"version-history":[{"count":3,"href":"https:\/\/roquetes.cat\/web\/wp-json\/wp\/v2\/posts\/1645\/revisions"}],"predecessor-version":[{"id":2238,"href":"https:\/\/roquetes.cat\/web\/wp-json\/wp\/v2\/posts\/1645\/revisions\/2238"}],"wp:featuredmedia":[{"embeddable":true,"href":"https:\/\/roquetes.cat\/web\/wp-json\/wp\/v2\/media\/989"}],"wp:attachment":[{"href":"https:\/\/roquetes.cat\/web\/wp-json\/wp\/v2\/media?parent=1645"}],"wp:term":[{"taxonomy":"category","embeddable":true,"href":"https:\/\/roquetes.cat\/web\/wp-json\/wp\/v2\/categories?post=1645"},{"taxonomy":"post_tag","embeddable":true,"href":"https:\/\/roquetes.cat\/web\/wp-json\/wp\/v2\/tags?post=1645"}],"curies":[{"name":"wp","href":"https:\/\/api.w.org\/{rel}","templated":true}]}}