{"id":1591,"date":"2021-10-05T11:14:17","date_gmt":"2021-10-05T09:14:17","guid":{"rendered":"https:\/\/roquetes.cat\/web\/?p=1591"},"modified":"2021-10-14T14:59:42","modified_gmt":"2021-10-14T12:59:42","slug":"inici-dels-tallers-formatius-per-transformar-digitalment-el-teu-negoci","status":"publish","type":"post","link":"https:\/\/roquetes.cat\/web\/inici-dels-tallers-formatius-per-transformar-digitalment-el-teu-negoci\/","title":{"rendered":"Inici dels tallers formatius per transformar digitalment el teu negoci."},"content":{"rendered":"<p align=\"justify\">Avui s&#8217;ha iniciat el cicle de tallers formatius virtuals per posar al dia el teu negoci.<\/p>\n<p align=\"justify\">El taller realitzat avui a les 15 hores mitjan\u00e7ant la plataforma Zoom i com a formadora la <a href=\"https:\/\/www.instagram.com\/georginacomadisseny\/\" target=\"_blank\" rel=\"noopener\">Georgina Coma<\/a> de la consultoria especialitzada en comer\u00e7 i desenvolupament local Focalizza, ha estat &#8220;<strong>Cr\u00e9ixer a Instagram amb una imatge brillant<\/strong>&#8220;, amb 8 participants que han fet un primer pas per fer cr\u00e9ixer el seu negoci.<\/p>\n<p align=\"justify\"><img decoding=\"async\" data-src=\"https:\/\/roquetes.cat\/web\/wp-content\/uploads\/2021\/10\/tallers_formatius_transformar_digitalment_negoci.jpg\" alt=\"\" width=\"1600\" height=\"900\" src=\"data:image\/svg+xml;base64,PHN2ZyB3aWR0aD0iMSIgaGVpZ2h0PSIxIiB4bWxucz0iaHR0cDovL3d3dy53My5vcmcvMjAwMC9zdmciPjwvc3ZnPg==\" class=\"lazyload\" style=\"--smush-placeholder-width: 1600px; --smush-placeholder-aspect-ratio: 1600\/900;\" \/><\/p>\n<p align=\"justify\">El segon taller ser\u00e0 el proper dimecres 6 d&#8217;octubre &#8220;<strong>Crea un aparador virtual amb Instagram Shopping<\/strong>&#8220;.<br \/>\nUs esperem! Segur ser\u00e0 molt interessant.<\/p>\n<ul>\n<li><a href=\"https:\/\/roquetes.cat\/web\/wp-content\/uploads\/2021\/08\/Posa-al-dia-el-teu-negoci.jpeg\" target=\"_blank\" rel=\"noopener\">Cartell tallers Focalizza &#8211; Cursos en l\u00ednia posa al dia el teu negoci<\/a><\/li>\n<li><a href=\"https:\/\/roquetes.cat\/web\/wp-content\/uploads\/2021\/08\/Curs-basic-dutilitats-de-xarxes-socials.jpeg\" target=\"_blank\" rel=\"noopener\">Cartell curs b\u00e0sic utilitats en xarxes socials &#8211; SAI<\/a><\/li>\n<\/ul>\n","protected":false},"excerpt":{"rendered":"<p>Avui s&#8217;ha iniciat el cicle de tallers formatius virtuals per posar al dia el teu negoci. El taller realitzat avui a les 15 hores mitjan\u00e7ant la plataforma Zoom i com a formadora la Georgina Coma de la consultoria especialitzada en comer\u00e7 i desenvolupament local Focalizza, ha estat &#8220;Cr\u00e9ixer a Instagram amb una imatge brillant&#8220;, amb [&hellip;]<\/p>\n","protected":false},"author":2,"featured_media":989,"comment_status":"closed","ping_status":"closed","sticky":false,"template":"","format":"standard","meta":{"_et_pb_use_builder":"","_et_pb_old_content":"","_et_gb_content_width":"","footnotes":""},"categories":[14,34],"tags":[],"class_list":["post-1591","post","type-post","status-publish","format-standard","has-post-thumbnail","hentry","category-dinamitzacio-economica","category-portada"],"_links":{"self":[{"href":"https:\/\/roquetes.cat\/web\/wp-json\/wp\/v2\/posts\/1591","targetHints":{"allow":["GET"]}}],"collection":[{"href":"https:\/\/roquetes.cat\/web\/wp-json\/wp\/v2\/posts"}],"about":[{"href":"https:\/\/roquetes.cat\/web\/wp-json\/wp\/v2\/types\/post"}],"author":[{"embeddable":true,"href":"https:\/\/roquetes.cat\/web\/wp-json\/wp\/v2\/users\/2"}],"replies":[{"embeddable":true,"href":"https:\/\/roquetes.cat\/web\/wp-json\/wp\/v2\/comments?post=1591"}],"version-history":[{"count":3,"href":"https:\/\/roquetes.cat\/web\/wp-json\/wp\/v2\/posts\/1591\/revisions"}],"predecessor-version":[{"id":1597,"href":"https:\/\/roquetes.cat\/web\/wp-json\/wp\/v2\/posts\/1591\/revisions\/1597"}],"wp:featuredmedia":[{"embeddable":true,"href":"https:\/\/roquetes.cat\/web\/wp-json\/wp\/v2\/media\/989"}],"wp:attachment":[{"href":"https:\/\/roquetes.cat\/web\/wp-json\/wp\/v2\/media?parent=1591"}],"wp:term":[{"taxonomy":"category","embeddable":true,"href":"https:\/\/roquetes.cat\/web\/wp-json\/wp\/v2\/categories?post=1591"},{"taxonomy":"post_tag","embeddable":true,"href":"https:\/\/roquetes.cat\/web\/wp-json\/wp\/v2\/tags?post=1591"}],"curies":[{"name":"wp","href":"https:\/\/api.w.org\/{rel}","templated":true}]}}