{"id":15574,"date":"2025-05-27T12:41:03","date_gmt":"2025-05-27T10:41:03","guid":{"rendered":"https:\/\/roquetes.cat\/web\/?p=15574"},"modified":"2025-05-27T12:41:03","modified_gmt":"2025-05-27T10:41:03","slug":"borsa-de-treball-de-tecnic-a-electricista","status":"publish","type":"post","link":"https:\/\/roquetes.cat\/web\/borsa-de-treball-de-tecnic-a-electricista\/","title":{"rendered":"Borsa de treball de t\u00e8cnic\/a electricista"},"content":{"rendered":"<h2>El termini per a la presentaci\u00f3 de sol\u00b7licituds finalitza el 16 de juny.<\/h2>\n<p>L\u2019Ajuntament de Roquetes convoca una <strong>borsa de treball de t\u00e8cnic\/a electricista.<\/strong> El <strong>termini<\/strong> per la presentaci\u00f3 de sol\u00b7licituds finalitza el pr\u00f2xim <strong>16 de juny de 2025.<\/strong><\/p>\n<p>Les persones interessades a participar en el proc\u00e9s poden consultar la seg\u00fcent informaci\u00f3:<\/p>\n<table style=\"border-style: solid;\" border=\"1\">\n<tbody>\n<tr>\n<td style=\"text-align: center;\" width=\"670\"><strong>BASES I CONVOCAT\u00d2RIA<\/strong><\/td>\n<\/tr>\n<tr>\n<td style=\"text-align: center;\" width=\"670\"><strong><a href=\"https:\/\/tauler.seu-e.cat\/detall?idEns=4313310007&amp;idEdicte=567388\">AQU\u00cd<\/a><\/strong><\/td>\n<\/tr>\n<\/tbody>\n<\/table>\n<p><strong>\u00a0<\/strong><\/p>\n<table style=\"border-style: solid;\" border=\"1\">\n<tbody>\n<tr>\n<td style=\"text-align: center;\" width=\"670\"><strong>MODEL DE SOL\u00b7LICITUD I QUADRE RESUM DELS M\u00c8RITS AL\u00b7LEGATS<\/strong><\/td>\n<\/tr>\n<tr>\n<td style=\"text-align: center;\" width=\"670\"><strong><a href=\"https:\/\/tauler.seu-e.cat\/detall?idEns=4313310007&amp;idEdicte=567392\">AQU\u00cd<\/a><\/strong><\/td>\n<\/tr>\n<\/tbody>\n<\/table>\n<p>&nbsp;<\/p>\n","protected":false},"excerpt":{"rendered":"<p>El termini per a la presentaci\u00f3 de sol\u00b7licituds finalitza el 16 de juny. L\u2019Ajuntament de Roquetes convoca una borsa de treball de t\u00e8cnic\/a electricista. El termini per la presentaci\u00f3 de sol\u00b7licituds finalitza el pr\u00f2xim 16 de juny de 2025. Les persones interessades a participar en el proc\u00e9s poden consultar la seg\u00fcent informaci\u00f3: BASES I CONVOCAT\u00d2RIA [&hellip;]<\/p>\n","protected":false},"author":6,"featured_media":15575,"comment_status":"closed","ping_status":"closed","sticky":false,"template":"","format":"standard","meta":{"_et_pb_use_builder":"","_et_pb_old_content":"","_et_gb_content_width":"","footnotes":""},"categories":[14,34,38],"tags":[],"class_list":["post-15574","post","type-post","status-publish","format-standard","has-post-thumbnail","hentry","category-dinamitzacio-economica","category-portada","category-secretaria"],"_links":{"self":[{"href":"https:\/\/roquetes.cat\/web\/wp-json\/wp\/v2\/posts\/15574","targetHints":{"allow":["GET"]}}],"collection":[{"href":"https:\/\/roquetes.cat\/web\/wp-json\/wp\/v2\/posts"}],"about":[{"href":"https:\/\/roquetes.cat\/web\/wp-json\/wp\/v2\/types\/post"}],"author":[{"embeddable":true,"href":"https:\/\/roquetes.cat\/web\/wp-json\/wp\/v2\/users\/6"}],"replies":[{"embeddable":true,"href":"https:\/\/roquetes.cat\/web\/wp-json\/wp\/v2\/comments?post=15574"}],"version-history":[{"count":1,"href":"https:\/\/roquetes.cat\/web\/wp-json\/wp\/v2\/posts\/15574\/revisions"}],"predecessor-version":[{"id":15576,"href":"https:\/\/roquetes.cat\/web\/wp-json\/wp\/v2\/posts\/15574\/revisions\/15576"}],"wp:featuredmedia":[{"embeddable":true,"href":"https:\/\/roquetes.cat\/web\/wp-json\/wp\/v2\/media\/15575"}],"wp:attachment":[{"href":"https:\/\/roquetes.cat\/web\/wp-json\/wp\/v2\/media?parent=15574"}],"wp:term":[{"taxonomy":"category","embeddable":true,"href":"https:\/\/roquetes.cat\/web\/wp-json\/wp\/v2\/categories?post=15574"},{"taxonomy":"post_tag","embeddable":true,"href":"https:\/\/roquetes.cat\/web\/wp-json\/wp\/v2\/tags?post=15574"}],"curies":[{"name":"wp","href":"https:\/\/api.w.org\/{rel}","templated":true}]}}