{"id":15412,"date":"2025-05-08T10:42:36","date_gmt":"2025-05-08T08:42:36","guid":{"rendered":"https:\/\/roquetes.cat\/web\/?p=15412"},"modified":"2025-05-21T09:55:50","modified_gmt":"2025-05-21T07:55:50","slug":"nova-placa-deducador-a-infantil-de-la-llar-dinfants","status":"publish","type":"post","link":"https:\/\/roquetes.cat\/web\/nova-placa-deducador-a-infantil-de-la-llar-dinfants\/","title":{"rendered":"Nova pla\u00e7a d\u2019educador\/a infantil de la llar d\u2019infants"},"content":{"rendered":"<h2>El termini per a la presentaci\u00f3 de sol\u00b7licituds finalitza el 26 de maig.<\/h2>\n<p>L\u2019Ajuntament de Roquetes convoca una <strong>nova pla\u00e7a d\u2019educador\/a infantil de la llar d\u2019infants municipal La Caramella.<\/strong> El <strong>termini<\/strong> per la presentaci\u00f3 de sol\u00b7licituds finalitza el pr\u00f2xim <strong>26 de maig de 2025.<\/strong><\/p>\n<p>Les persones interessades a participar en el proc\u00e9s poden consultar la seg\u00fcent informaci\u00f3:<\/p>\n<table style=\"border-style: solid;\" border=\"1\">\n<tbody>\n<tr>\n<td style=\"text-align: center;\" width=\"670\"><strong>BASES I CONVOCAT\u00d2RIA<\/strong><\/td>\n<\/tr>\n<tr>\n<td style=\"text-align: center;\" width=\"670\"><strong><a href=\"https:\/\/tauler.seu-e.cat\/detall?idEns=4313310007&amp;idEdicte=563559\">AQU\u00cd<\/a><\/strong><\/td>\n<\/tr>\n<\/tbody>\n<\/table>\n<p><strong>\u00a0<\/strong><\/p>\n<table style=\"border-style: solid;\" border=\"1\">\n<tbody>\n<tr>\n<td style=\"text-align: center;\" width=\"670\"><strong>MODEL DE SOL\u00b7LICITUD I QUADRE RESUM DELS M\u00c8RITS AL\u00b7LEGATS<\/strong><\/td>\n<\/tr>\n<tr>\n<td style=\"text-align: center;\" width=\"670\"><strong><a href=\"https:\/\/tauler.seu-e.cat\/detall?idEns=4313310007&amp;idEdicte=563551\">AQU\u00cd<\/a><\/strong><\/td>\n<\/tr>\n<\/tbody>\n<\/table>\n<p>&nbsp;<\/p>\n<p>&nbsp;<\/p>\n","protected":false},"excerpt":{"rendered":"<p>El termini per a la presentaci\u00f3 de sol\u00b7licituds finalitza el 26 de maig. L\u2019Ajuntament de Roquetes convoca una nova pla\u00e7a d\u2019educador\/a infantil de la llar d\u2019infants municipal La Caramella. El termini per la presentaci\u00f3 de sol\u00b7licituds finalitza el pr\u00f2xim 26 de maig de 2025. Les persones interessades a participar en el proc\u00e9s poden consultar la [&hellip;]<\/p>\n","protected":false},"author":6,"featured_media":15484,"comment_status":"closed","ping_status":"closed","sticky":false,"template":"","format":"standard","meta":{"_et_pb_use_builder":"","_et_pb_old_content":"","_et_gb_content_width":"","footnotes":""},"categories":[14,34,38],"tags":[],"class_list":["post-15412","post","type-post","status-publish","format-standard","has-post-thumbnail","hentry","category-dinamitzacio-economica","category-portada","category-secretaria"],"_links":{"self":[{"href":"https:\/\/roquetes.cat\/web\/wp-json\/wp\/v2\/posts\/15412","targetHints":{"allow":["GET"]}}],"collection":[{"href":"https:\/\/roquetes.cat\/web\/wp-json\/wp\/v2\/posts"}],"about":[{"href":"https:\/\/roquetes.cat\/web\/wp-json\/wp\/v2\/types\/post"}],"author":[{"embeddable":true,"href":"https:\/\/roquetes.cat\/web\/wp-json\/wp\/v2\/users\/6"}],"replies":[{"embeddable":true,"href":"https:\/\/roquetes.cat\/web\/wp-json\/wp\/v2\/comments?post=15412"}],"version-history":[{"count":1,"href":"https:\/\/roquetes.cat\/web\/wp-json\/wp\/v2\/posts\/15412\/revisions"}],"predecessor-version":[{"id":15414,"href":"https:\/\/roquetes.cat\/web\/wp-json\/wp\/v2\/posts\/15412\/revisions\/15414"}],"wp:featuredmedia":[{"embeddable":true,"href":"https:\/\/roquetes.cat\/web\/wp-json\/wp\/v2\/media\/15484"}],"wp:attachment":[{"href":"https:\/\/roquetes.cat\/web\/wp-json\/wp\/v2\/media?parent=15412"}],"wp:term":[{"taxonomy":"category","embeddable":true,"href":"https:\/\/roquetes.cat\/web\/wp-json\/wp\/v2\/categories?post=15412"},{"taxonomy":"post_tag","embeddable":true,"href":"https:\/\/roquetes.cat\/web\/wp-json\/wp\/v2\/tags?post=15412"}],"curies":[{"name":"wp","href":"https:\/\/api.w.org\/{rel}","templated":true}]}}