{"id":15192,"date":"2025-04-11T12:22:47","date_gmt":"2025-04-11T10:22:47","guid":{"rendered":"https:\/\/roquetes.cat\/web\/?p=15192"},"modified":"2025-04-11T12:40:22","modified_gmt":"2025-04-11T10:40:22","slug":"roquetes-engegara-una-nova-linia-de-transport-urba-per-connectar-els-seus-nuclis","status":"publish","type":"post","link":"https:\/\/roquetes.cat\/web\/roquetes-engegara-una-nova-linia-de-transport-urba-per-connectar-els-seus-nuclis\/","title":{"rendered":"Roquetes engegar\u00e0 una nova l\u00ednia de transport urb\u00e0 per connectar els seus nuclis"},"content":{"rendered":"<h2>Ser\u00e0 en format de prova pilot gratu\u00efta per tots els usuaris, del 15 d\u2019abril al 2 de juliol, i enlla\u00e7ar\u00e0 Roquetes amb la Ravaleta, els Pilans i la Torre d\u2019en Gil.<\/h2>\n<p>Millorar la mobilitat a la ciutat i oferir un nou servei als roqueteros i roqueteres. Sota l\u2019esl\u00f2gan <strong>\u2018Deixa\u2019t portar!\u2019,<\/strong> Roquetes engegar\u00e0 una <strong>nova l\u00ednia de transport urb\u00e0 per connectar la ciutat amb els nuclis urbans de la Ravaleta, els Pilans i la Torre d\u2019en Gil.<\/strong> Ser\u00e0 en format de <strong>prova pilot gratu\u00efta<\/strong> per a tots els usuaris, amb entrada en funcionament el pr\u00f2xim dimarts 15 d\u2019abril fins el 2 de juliol, de dilluns a divendres laborables.<\/p>\n<p>El recorregut comptar\u00e0 amb <strong>quatre freq\u00fc\u00e8ncies di\u00e0ries,<\/strong> dues en la franja matinal i dues m\u00e9s de tarda, amb un <strong>total de 23 parades.<\/strong> La nova l\u00ednia naix com una oportunitat per millorar la qualitat de vida, aix\u00ed com de facilitar l\u2019acc\u00e9s a serveis essencials a la ciutadania com els centres de salut, educatius, culturals, esportius, d\u2019oci i comercials del municipi.<\/p>\n<p>Les parades i horaris seran els seg\u00fcents:<\/p>\n<p><img decoding=\"async\" class=\"alignnone size-full wp-image-15194 lazyload\" data-src=\"https:\/\/roquetes.cat\/web\/wp-content\/uploads\/2025\/04\/Horaris-POST.jpg\" alt=\"\" width=\"1080\" height=\"1350\" data-srcset=\"https:\/\/roquetes.cat\/web\/wp-content\/uploads\/2025\/04\/Horaris-POST.jpg 1080w, https:\/\/roquetes.cat\/web\/wp-content\/uploads\/2025\/04\/Horaris-POST-980x1225.jpg 980w, https:\/\/roquetes.cat\/web\/wp-content\/uploads\/2025\/04\/Horaris-POST-480x600.jpg 480w\" data-sizes=\"(min-width: 0px) and (max-width: 480px) 480px, (min-width: 481px) and (max-width: 980px) 980px, (min-width: 981px) 1080px, 100vw\" src=\"data:image\/svg+xml;base64,PHN2ZyB3aWR0aD0iMSIgaGVpZ2h0PSIxIiB4bWxucz0iaHR0cDovL3d3dy53My5vcmcvMjAwMC9zdmciPjwvc3ZnPg==\" style=\"--smush-placeholder-width: 1080px; --smush-placeholder-aspect-ratio: 1080\/1350;\" \/><\/p>\n<p class=\"Default\" style=\"text-align: justify;\"><b><span lang=\"CA\">Ivan Garcia: \u201cVolem impulsar la mobilitat sostenible i que esdevingui un servei definitiu\u201d<\/span><\/b><\/p>\n<p class=\"Default\" style=\"text-align: justify;\"><span lang=\"CA\">L\u2019alcalde de Roquetes, <b>Ivan Garcia,<\/b> ha qualificat la iniciativa com \u201cuna aposta de l\u2019equip de govern, per tal que la gent pugui deixar el vehicle privat a casa i pugui moure\u2019s de forma sostenible\u201d. \u201cEsperem que doni resultat i tingui \u00fas entre els roqueteros i roqueteres. De ser aix\u00ed, des de l\u2019Ajuntament agafem el comprom\u00eds per impulsar i crear definitivament aquest nou servei, dotant la ciutat del transport urb\u00e0 que mereix\u201d, ha manifestat Garcia.<\/span><span lang=\"CA\">\u00a0<\/span><\/p>\n<p class=\"Default\" style=\"text-align: justify;\"><span lang=\"CA\">Al mateix temps, el batlle ha indicat que les freq\u00fc\u00e8ncies de pas estan pensades per tal que \u201cuna persona de la Ravaleta o els Pilans pugui despla\u00e7ar-se a l\u2019Aqua Roquetes, el CAP Roquetes o el comer\u00e7 local, tingui temps de practicar esport durant gaireb\u00e9 dues hores, fer la visita m\u00e8dica o comprar a les botigues, i tornar amb comoditat a casa seva amb el bus, de forma gratu\u00efta\u201d.<\/span><\/p>\n<p class=\"Default\" style=\"text-align: justify;\"><span lang=\"CA\">En el mateix sentit que l\u2019alcalde s\u2019ha expressat la regidora de Servei a les Persones del municipi, <b>Cinta Garcia.<\/b> \u201cEstem al costat de les persones, escoltem les seves demandes i treballem per fer-les possible, com \u00e9s el cas. Tant de bo aquesta fase de prova pilot tingui acceptaci\u00f3 entre la ciutadania de Roquetes, perqu\u00e8 pugui acabar esdevenint un servei permanent\u201d, ha assenyalat.<\/span><\/p>\n<p><img decoding=\"async\" class=\"alignnone size-full wp-image-15195 lazyload\" data-src=\"https:\/\/roquetes.cat\/web\/wp-content\/uploads\/2025\/04\/AU8A2294-scaled.jpg\" alt=\"\" width=\"2560\" height=\"1707\" data-srcset=\"https:\/\/roquetes.cat\/web\/wp-content\/uploads\/2025\/04\/AU8A2294-scaled.jpg 2560w, https:\/\/roquetes.cat\/web\/wp-content\/uploads\/2025\/04\/AU8A2294-1280x854.jpg 1280w, https:\/\/roquetes.cat\/web\/wp-content\/uploads\/2025\/04\/AU8A2294-980x653.jpg 980w, https:\/\/roquetes.cat\/web\/wp-content\/uploads\/2025\/04\/AU8A2294-480x320.jpg 480w\" data-sizes=\"(min-width: 0px) and (max-width: 480px) 480px, (min-width: 481px) and (max-width: 980px) 980px, (min-width: 981px) and (max-width: 1280px) 1280px, (min-width: 1281px) 2560px, 100vw\" src=\"data:image\/svg+xml;base64,PHN2ZyB3aWR0aD0iMSIgaGVpZ2h0PSIxIiB4bWxucz0iaHR0cDovL3d3dy53My5vcmcvMjAwMC9zdmciPjwvc3ZnPg==\" style=\"--smush-placeholder-width: 2560px; --smush-placeholder-aspect-ratio: 2560\/1707;\" \/><\/p>\n","protected":false},"excerpt":{"rendered":"<p>Ser\u00e0 en format de prova pilot gratu\u00efta per tots els usuaris, del 15 d\u2019abril al 2 de juliol, i enlla\u00e7ar\u00e0 Roquetes amb la Ravaleta, els Pilans i la Torre d\u2019en Gil. Millorar la mobilitat a la ciutat i oferir un nou servei als roqueteros i roqueteres. Sota l\u2019esl\u00f2gan \u2018Deixa\u2019t portar!\u2019, Roquetes engegar\u00e0 una nova l\u00ednia [&hellip;]<\/p>\n","protected":false},"author":6,"featured_media":15193,"comment_status":"closed","ping_status":"closed","sticky":false,"template":"","format":"standard","meta":{"_et_pb_use_builder":"","_et_pb_old_content":"","_et_gb_content_width":"","footnotes":""},"categories":[34,76],"tags":[],"class_list":["post-15192","post","type-post","status-publish","format-standard","has-post-thumbnail","hentry","category-portada","category-servei-a-les-persones"],"_links":{"self":[{"href":"https:\/\/roquetes.cat\/web\/wp-json\/wp\/v2\/posts\/15192","targetHints":{"allow":["GET"]}}],"collection":[{"href":"https:\/\/roquetes.cat\/web\/wp-json\/wp\/v2\/posts"}],"about":[{"href":"https:\/\/roquetes.cat\/web\/wp-json\/wp\/v2\/types\/post"}],"author":[{"embeddable":true,"href":"https:\/\/roquetes.cat\/web\/wp-json\/wp\/v2\/users\/6"}],"replies":[{"embeddable":true,"href":"https:\/\/roquetes.cat\/web\/wp-json\/wp\/v2\/comments?post=15192"}],"version-history":[{"count":2,"href":"https:\/\/roquetes.cat\/web\/wp-json\/wp\/v2\/posts\/15192\/revisions"}],"predecessor-version":[{"id":15197,"href":"https:\/\/roquetes.cat\/web\/wp-json\/wp\/v2\/posts\/15192\/revisions\/15197"}],"wp:featuredmedia":[{"embeddable":true,"href":"https:\/\/roquetes.cat\/web\/wp-json\/wp\/v2\/media\/15193"}],"wp:attachment":[{"href":"https:\/\/roquetes.cat\/web\/wp-json\/wp\/v2\/media?parent=15192"}],"wp:term":[{"taxonomy":"category","embeddable":true,"href":"https:\/\/roquetes.cat\/web\/wp-json\/wp\/v2\/categories?post=15192"},{"taxonomy":"post_tag","embeddable":true,"href":"https:\/\/roquetes.cat\/web\/wp-json\/wp\/v2\/tags?post=15192"}],"curies":[{"name":"wp","href":"https:\/\/api.w.org\/{rel}","templated":true}]}}