{"id":14600,"date":"2025-02-05T13:40:40","date_gmt":"2025-02-05T11:40:40","guid":{"rendered":"https:\/\/roquetes.cat\/web\/?p=14600"},"modified":"2025-02-05T13:50:10","modified_gmt":"2025-02-05T11:50:10","slug":"el-carnestoltes-mes-xalador-a-roquetes","status":"publish","type":"post","link":"https:\/\/roquetes.cat\/web\/el-carnestoltes-mes-xalador-a-roquetes\/","title":{"rendered":"El Carnestoltes m\u00e9s xalador, a Roquetes!"},"content":{"rendered":"<h2>La ciutat viur\u00e0 el carnaval el proper dissabte 8 de mar\u00e7, amb gran rua pels carrers, concurs de disfresses, m\u00fasica i molta festa, al Pavell\u00f3 i la Carpa Jove.<\/h2>\n<p>S\u2019acosta la celebraci\u00f3 m\u00e9s canalla de l\u2019any. Roquetes viur\u00e0 el proper dissabte 8 de mar\u00e7 la <strong>festa de Carnestoltes,<\/strong> amb activitats durant tota la tarda i nit per gaudir d\u2019un <strong>dia de gresca i xalera<\/strong> desenfrenada. Aix\u00ed, hi haur\u00e0 <strong>gran rua pels carrers<\/strong> de la ciutat, acompanyant el Rei Carnestoltes fins a l\u2019Hort de Cruells, a m\u00e9s de sopar i <strong>concurs de disfresses, i m\u00fasica i festa<\/strong> tant al Pavell\u00f3 Poliesportiu, com a la Carpa Jove, amb DJ\u2019s de renom.<\/p>\n<p>L\u2019esdeveniment estar\u00e0 organitzat pel <strong>Patronat de Festes de Roquetes<\/strong> i l\u2019Ajuntament de Roquetes, amb la col\u00b7laboraci\u00f3 de la <strong>Diputaci\u00f3 de Tarragona,<\/strong> i els <strong>departaments de Cultura i d\u2019Igualtat i Feminisme de la Generalitat de Catalunya.<\/strong><\/p>\n<p><strong>Les inscripcions i venda d\u2019entrades, ja disponibles<\/strong><\/p>\n<p>Totes les persones i colles interessades en participar al carnaval de Roquetes ja poden realitzar la seva inscripci\u00f3 a la rua, aix\u00ed com comprar les entrades per les activitats al Pavell\u00f3 Poliesportiu i la Carpa Jove.<\/p>\n<p>El programa d\u2019actes complet ser\u00e0 el seg\u00fcent:<\/p>\n<table style=\"border-style: solid;\" border=\"1\">\n<tbody>\n<tr>\n<td style=\"text-align: center;\" colspan=\"3\" width=\"670\"><strong>GRAN RUA DE CARNESTOLTES<\/strong><\/td>\n<\/tr>\n<tr>\n<td style=\"text-align: center;\" width=\"104\"><strong>HORA<\/strong><\/td>\n<td style=\"text-align: center;\" width=\"435\"><strong>ACTIVITAT<\/strong><\/td>\n<td style=\"text-align: center;\" width=\"132\"><strong>INSCRIPCI\u00d3<\/strong><\/td>\n<\/tr>\n<tr>\n<td style=\"text-align: center;\" width=\"104\">17.00h<\/td>\n<td style=\"text-align: center;\" width=\"435\">Concentraci\u00f3 al carrer Churruca<\/td>\n<td style=\"text-align: center;\" rowspan=\"2\" width=\"132\"><a href=\"https:\/\/docs.google.com\/forms\/d\/e\/1FAIpQLSf4vi4ftmqNFvCSshy6tv1F6yHt_8AA_f6r6_S3WcT-Me9AQA\/viewform\"><strong>AQU\u00cd<\/strong><\/a><\/td>\n<\/tr>\n<tr>\n<td style=\"text-align: center;\" width=\"104\">17.30h<\/td>\n<td style=\"text-align: center;\" width=\"435\">Rua de disfresses i comparses pel carrer Major fins l\u2019Hort de Cruells.<\/p>\n<p>Discurs del Rei Carnestoltes i cloenda de la rua amb xocolatada popular.<\/td>\n<\/tr>\n<\/tbody>\n<\/table>\n<p>&nbsp;<\/p>\n<table style=\"border-style: solid;\" border=\"1\">\n<tbody>\n<tr>\n<td style=\"text-align: center;\" colspan=\"3\" width=\"670\"><strong>FESTA AL PAVELL\u00d3 POLIESPORTIU<\/strong><\/td>\n<\/tr>\n<tr>\n<td style=\"text-align: center;\" width=\"104\"><strong>HORA<\/strong><\/td>\n<td style=\"text-align: center;\" width=\"435\"><strong>ACTIVITAT<\/strong><\/td>\n<td style=\"text-align: center;\" width=\"132\"><strong>COMPRA D\u2019ENTRADES<\/strong><\/td>\n<\/tr>\n<tr>\n<td style=\"text-align: center;\" width=\"104\">21.00h<\/td>\n<td style=\"text-align: center;\" width=\"435\">Sopar<\/td>\n<td style=\"text-align: center;\" rowspan=\"2\" width=\"132\"><a href=\"https:\/\/vivetix.com\/ca\/entradas-pavello-carnaval-roquetes-2025-ypez?s=qr#\/sqrkwaxPihT\"><strong>AQU\u00cd<\/strong><\/a><\/td>\n<\/tr>\n<tr>\n<td style=\"text-align: center;\" width=\"104\">23.30h<\/td>\n<td style=\"text-align: center;\" width=\"435\">Concurs de disfresses i lliurament de premis:<\/p>\n<p>&#8211; Comparsa m\u00e9s original.<\/p>\n<p>&#8211; Comparsa m\u00e9s nombrosa.<\/p>\n<p>&#8211; Millor disfressa individual.<\/p>\n<p>&#8211;\u00a0 M\u00fasica i festa \u2018xaladora\u2019 amb <strong>Tapeo Sound System<\/strong> i <strong>Dj Alex Lara.<\/strong> Hi haur\u00e0 servei de barra.<\/td>\n<\/tr>\n<\/tbody>\n<\/table>\n<p>&nbsp;<\/p>\n<table style=\"border-style: solid;\" border=\"1\">\n<tbody>\n<tr>\n<td style=\"text-align: center;\" colspan=\"3\" width=\"670\"><strong>FESTA A LA CARPA JOVE (+15 ANYS)<\/strong><\/td>\n<\/tr>\n<tr>\n<td style=\"text-align: center;\" width=\"104\"><strong>HORA<\/strong><\/td>\n<td style=\"text-align: center;\" width=\"435\"><strong>ACTIVITAT<\/strong><\/td>\n<td style=\"text-align: center;\" width=\"132\"><strong>COMPRA D\u2019ENTRADES<\/strong><\/td>\n<\/tr>\n<tr>\n<td style=\"text-align: center;\" width=\"104\">00.00h<\/td>\n<td style=\"text-align: center;\" width=\"435\">Obertura de la Carpa Jove.<\/p>\n<p>Punt Lila.<\/p>\n<p>M\u00fasica i festa amb els DJ\u2019s <strong>Yxor, Tay de Le\u00f3n i Oscar S\u00e1nchez<\/strong> fins les 06.00h. Hi haur\u00e0 servei de barra.<\/td>\n<td style=\"text-align: center;\" width=\"132\"><a href=\"https:\/\/vivetix.com\/ca\/entradas-carpa-jove-carnaval-roquetes-2025-cdjp?s=qr#\/sqrlhupQLqd\"><strong>AQU\u00cd<\/strong><\/a><\/td>\n<\/tr>\n<\/tbody>\n<\/table>\n<p>&nbsp;<\/p>\n<p><img decoding=\"async\" class=\"alignnone size-full wp-image-14605 lazyload\" data-src=\"https:\/\/roquetes.cat\/web\/wp-content\/uploads\/2025\/02\/CARNESTOLTES-ROQUETES-CARTELL.jpg\" alt=\"\" width=\"1080\" height=\"1350\" data-srcset=\"https:\/\/roquetes.cat\/web\/wp-content\/uploads\/2025\/02\/CARNESTOLTES-ROQUETES-CARTELL.jpg 1080w, https:\/\/roquetes.cat\/web\/wp-content\/uploads\/2025\/02\/CARNESTOLTES-ROQUETES-CARTELL-980x1225.jpg 980w, https:\/\/roquetes.cat\/web\/wp-content\/uploads\/2025\/02\/CARNESTOLTES-ROQUETES-CARTELL-480x600.jpg 480w\" data-sizes=\"(min-width: 0px) and (max-width: 480px) 480px, (min-width: 481px) and (max-width: 980px) 980px, (min-width: 981px) 1080px, 100vw\" src=\"data:image\/svg+xml;base64,PHN2ZyB3aWR0aD0iMSIgaGVpZ2h0PSIxIiB4bWxucz0iaHR0cDovL3d3dy53My5vcmcvMjAwMC9zdmciPjwvc3ZnPg==\" style=\"--smush-placeholder-width: 1080px; --smush-placeholder-aspect-ratio: 1080\/1350;\" \/><\/p>\n<p><img decoding=\"async\" class=\"alignnone size-full wp-image-14607 lazyload\" data-src=\"https:\/\/roquetes.cat\/web\/wp-content\/uploads\/2025\/02\/CARNESTOLTES-ROQUETES-PROGRAMA.jpg\" alt=\"\" width=\"1080\" height=\"1350\" data-srcset=\"https:\/\/roquetes.cat\/web\/wp-content\/uploads\/2025\/02\/CARNESTOLTES-ROQUETES-PROGRAMA.jpg 1080w, https:\/\/roquetes.cat\/web\/wp-content\/uploads\/2025\/02\/CARNESTOLTES-ROQUETES-PROGRAMA-980x1225.jpg 980w, https:\/\/roquetes.cat\/web\/wp-content\/uploads\/2025\/02\/CARNESTOLTES-ROQUETES-PROGRAMA-480x600.jpg 480w\" data-sizes=\"(min-width: 0px) and (max-width: 480px) 480px, (min-width: 481px) and (max-width: 980px) 980px, (min-width: 981px) 1080px, 100vw\" src=\"data:image\/svg+xml;base64,PHN2ZyB3aWR0aD0iMSIgaGVpZ2h0PSIxIiB4bWxucz0iaHR0cDovL3d3dy53My5vcmcvMjAwMC9zdmciPjwvc3ZnPg==\" style=\"--smush-placeholder-width: 1080px; --smush-placeholder-aspect-ratio: 1080\/1350;\" \/><\/p>\n","protected":false},"excerpt":{"rendered":"<p>La ciutat viur\u00e0 el carnaval el proper dissabte 8 de mar\u00e7, amb gran rua pels carrers, concurs de disfresses, m\u00fasica i molta festa, al Pavell\u00f3 i la Carpa Jove. S\u2019acosta la celebraci\u00f3 m\u00e9s canalla de l\u2019any. Roquetes viur\u00e0 el proper dissabte 8 de mar\u00e7 la festa de Carnestoltes, amb activitats durant tota la tarda i [&hellip;]<\/p>\n","protected":false},"author":6,"featured_media":14603,"comment_status":"closed","ping_status":"closed","sticky":false,"template":"","format":"standard","meta":{"_et_pb_use_builder":"","_et_pb_old_content":"","_et_gb_content_width":"","footnotes":""},"categories":[1,34],"tags":[],"class_list":["post-14600","post","type-post","status-publish","format-standard","has-post-thumbnail","hentry","category-cultura","category-portada"],"_links":{"self":[{"href":"https:\/\/roquetes.cat\/web\/wp-json\/wp\/v2\/posts\/14600","targetHints":{"allow":["GET"]}}],"collection":[{"href":"https:\/\/roquetes.cat\/web\/wp-json\/wp\/v2\/posts"}],"about":[{"href":"https:\/\/roquetes.cat\/web\/wp-json\/wp\/v2\/types\/post"}],"author":[{"embeddable":true,"href":"https:\/\/roquetes.cat\/web\/wp-json\/wp\/v2\/users\/6"}],"replies":[{"embeddable":true,"href":"https:\/\/roquetes.cat\/web\/wp-json\/wp\/v2\/comments?post=14600"}],"version-history":[{"count":4,"href":"https:\/\/roquetes.cat\/web\/wp-json\/wp\/v2\/posts\/14600\/revisions"}],"predecessor-version":[{"id":14609,"href":"https:\/\/roquetes.cat\/web\/wp-json\/wp\/v2\/posts\/14600\/revisions\/14609"}],"wp:featuredmedia":[{"embeddable":true,"href":"https:\/\/roquetes.cat\/web\/wp-json\/wp\/v2\/media\/14603"}],"wp:attachment":[{"href":"https:\/\/roquetes.cat\/web\/wp-json\/wp\/v2\/media?parent=14600"}],"wp:term":[{"taxonomy":"category","embeddable":true,"href":"https:\/\/roquetes.cat\/web\/wp-json\/wp\/v2\/categories?post=14600"},{"taxonomy":"post_tag","embeddable":true,"href":"https:\/\/roquetes.cat\/web\/wp-json\/wp\/v2\/tags?post=14600"}],"curies":[{"name":"wp","href":"https:\/\/api.w.org\/{rel}","templated":true}]}}