{"id":14232,"date":"2024-12-20T06:40:51","date_gmt":"2024-12-20T04:40:51","guid":{"rendered":"https:\/\/roquetes.cat\/web\/?p=14232"},"modified":"2025-01-07T10:15:05","modified_gmt":"2025-01-07T08:15:05","slug":"nou-estudiant-en-practiques-dinformatica-a-la-biblioteca-merce-lleixa","status":"publish","type":"post","link":"https:\/\/roquetes.cat\/web\/nou-estudiant-en-practiques-dinformatica-a-la-biblioteca-merce-lleixa\/","title":{"rendered":"Nou estudiant en pr\u00e0ctiques d\u2019inform\u00e0tica a la Biblioteca Merc\u00e8 Lleix\u00e0"},"content":{"rendered":"<h2>L\u2019Ajuntament de Roquetes signa un nou conveni amb Microdelta Soft, que permetr\u00e0 adquirir experi\u00e8ncia professional a l\u2019alumne.<\/h2>\n<p>L&#8217;Ajuntament de Roquetes ha signat un nou conveni de col\u00b7laboraci\u00f3 amb <strong>Microdelta Soft,<\/strong> per a la realitzaci\u00f3 de pr\u00e0ctiques formatives d\u2019un alumne del programa d\u2019<strong>Operacions de sistemes inform\u00e0tics, <\/strong>a la Biblioteca Municipal Merc\u00e8 Lleix\u00e0. L\u2019alcalde de la ciutat, <strong>Ivan Garcia,<\/strong> ha acompanyat l\u2019estudiant durant la formalitzaci\u00f3 de l\u2019acord.<\/p>\n<p>El conveni amb la companyia permetr\u00e0 a l\u2019alumne adquirir experi\u00e8ncia professional en un entorn real, sota la supervisi\u00f3 d\u2019un tutor.<\/p>\n<p>Amb aquesta acci\u00f3, l\u2019Ajuntament refor\u00e7a el comprom\u00eds amb l\u2019educaci\u00f3 i el desenvolupament del talent local, connectant la formaci\u00f3 amb el m\u00f3n laboral, i facilitant noves oportunitats als joves del municipi i les Terres de l\u2019Ebre.<\/p>\n","protected":false},"excerpt":{"rendered":"<p>L\u2019Ajuntament de Roquetes signa un nou conveni amb Microdelta Soft, que permetr\u00e0 adquirir experi\u00e8ncia professional a l\u2019alumne. L&#8217;Ajuntament de Roquetes ha signat un nou conveni de col\u00b7laboraci\u00f3 amb Microdelta Soft, per a la realitzaci\u00f3 de pr\u00e0ctiques formatives d\u2019un alumne del programa d\u2019Operacions de sistemes inform\u00e0tics, a la Biblioteca Municipal Merc\u00e8 Lleix\u00e0. L\u2019alcalde de la ciutat, [&hellip;]<\/p>\n","protected":false},"author":6,"featured_media":14233,"comment_status":"closed","ping_status":"closed","sticky":false,"template":"","format":"standard","meta":{"_et_pb_use_builder":"","_et_pb_old_content":"","_et_gb_content_width":"","footnotes":""},"categories":[74,34],"tags":[],"class_list":["post-14232","post","type-post","status-publish","format-standard","has-post-thumbnail","hentry","category-alumnes-en-practiques","category-portada"],"_links":{"self":[{"href":"https:\/\/roquetes.cat\/web\/wp-json\/wp\/v2\/posts\/14232","targetHints":{"allow":["GET"]}}],"collection":[{"href":"https:\/\/roquetes.cat\/web\/wp-json\/wp\/v2\/posts"}],"about":[{"href":"https:\/\/roquetes.cat\/web\/wp-json\/wp\/v2\/types\/post"}],"author":[{"embeddable":true,"href":"https:\/\/roquetes.cat\/web\/wp-json\/wp\/v2\/users\/6"}],"replies":[{"embeddable":true,"href":"https:\/\/roquetes.cat\/web\/wp-json\/wp\/v2\/comments?post=14232"}],"version-history":[{"count":4,"href":"https:\/\/roquetes.cat\/web\/wp-json\/wp\/v2\/posts\/14232\/revisions"}],"predecessor-version":[{"id":14237,"href":"https:\/\/roquetes.cat\/web\/wp-json\/wp\/v2\/posts\/14232\/revisions\/14237"}],"wp:featuredmedia":[{"embeddable":true,"href":"https:\/\/roquetes.cat\/web\/wp-json\/wp\/v2\/media\/14233"}],"wp:attachment":[{"href":"https:\/\/roquetes.cat\/web\/wp-json\/wp\/v2\/media?parent=14232"}],"wp:term":[{"taxonomy":"category","embeddable":true,"href":"https:\/\/roquetes.cat\/web\/wp-json\/wp\/v2\/categories?post=14232"},{"taxonomy":"post_tag","embeddable":true,"href":"https:\/\/roquetes.cat\/web\/wp-json\/wp\/v2\/tags?post=14232"}],"curies":[{"name":"wp","href":"https:\/\/api.w.org\/{rel}","templated":true}]}}