{"id":14159,"date":"2024-12-18T14:44:15","date_gmt":"2024-12-18T12:44:15","guid":{"rendered":"https:\/\/roquetes.cat\/web\/?p=14159"},"modified":"2025-05-02T12:37:01","modified_gmt":"2025-05-02T10:37:01","slug":"trenta-anys-de-fira-de-nadal-apostant-pel-comerc-local-lartesania-i-la-cultura","status":"publish","type":"post","link":"https:\/\/roquetes.cat\/web\/trenta-anys-de-fira-de-nadal-apostant-pel-comerc-local-lartesania-i-la-cultura\/","title":{"rendered":"Trenta anys de Fira de Nadal apostant pel comer\u00e7 local, l\u2019artesania i la cultura"},"content":{"rendered":"<p><iframe title=\"YouTube video player\" data-src=\"https:\/\/www.youtube.com\/embed\/S66TD_6wdbE?si=ajYNILfFOnZGG5hD\" width=\"560\" height=\"315\" frameborder=\"0\" allowfullscreen=\"allowfullscreen\" src=\"data:image\/svg+xml;base64,PHN2ZyB3aWR0aD0iMSIgaGVpZ2h0PSIxIiB4bWxucz0iaHR0cDovL3d3dy53My5vcmcvMjAwMC9zdmciPjwvc3ZnPg==\" class=\"lazyload\" data-load-mode=\"1\"><\/iframe><\/p>\n<h2>Roquetes tanca una edici\u00f3 especial amb m\u00e9s de 50 paradistes, una injecci\u00f3 superior als 20.000 euros al comer\u00e7 local i actuacions de gran nivell.<\/h2>\n<p>Tres d\u00e8cades, i per moltes m\u00e9s. <strong>La Fira de Nadal de Roquetes ha celebrat aquest cap de setmana el seu trent\u00e8 aniversari<\/strong>, amb dos intensos dies carregats d\u2019activitat, m\u00e0gia i il\u00b7lusi\u00f3, on <strong>el comer\u00e7 local, l\u2019artesania i la cultura han pres una import\u00e0ncia especial.<\/strong> L\u2019esdeveniment ha comptat amb la <strong>participaci\u00f3 de 54 paradistes i la col\u00b7laboraci\u00f3 de fins a 18 entitats locals,<\/strong> per oferir als assistents tot tipus de productes \u2013amb gastronomia de proximitat, cosm\u00e8tica natural, joieria, cer\u00e0mica o il\u00b7lustraci\u00f3\u2013, a m\u00e9s de dinamitzar el teixit associatiu, cultural i social de la ciutat.<\/p>\n<p>A la vegada, el certamen ha representat una <strong>injecci\u00f3 econ\u00f2mica de m\u00e9s de 20.000 euros al comer\u00e7 local de Roquetes i la Raval de Cristo, <\/strong>gr\u00e0cies a la campanya <em>\u2018Puja al tren de la compra local\u2019, <\/em>amb tiquets per passejar amb el trenet a partir de compres superiors als 15 euros. El Polar Express ha recorregut els carrers del municipi, acostant grans i petits fins al recinte, que ha emplenat el Mercat Municipal, el Passeig Ramon Bosch i Rosell i la Pla\u00e7a dels Pa\u00efsos Catalans amb milers de persones.<\/p>\n<p>Tampoc han faltat les activitats dissenyades especialment per als xiquets i xiquetes, com l\u2019arribada dels Patges Reials per recollir les cartes, o els espectacles <em>\u2018Mou el Nadal\u2019, \u2018La m\u00e0gia del Nadal\u2019<\/em> o <em>\u2018Aqu\u00ed \u00e9s Nadal\u2019,<\/em> aix\u00ed com les mostres musicals i recitals de corals, cor i orquestra de gran nivell. A m\u00e9s, ha hagut lloc per la solidaritat amb La Marat\u00f3 de 3at, enguany dedicada a les malalties respirat\u00f2ries, amb la caminada solid\u00e0ria, o per a passar-ho b\u00e9 degustant la xocolatada popular o el vermut musical.<\/p>\n<p><strong>Ivan Garcia: \u201cHa estat una edici\u00f3 hist\u00f2rica\u201d<\/strong><\/p>\n<p>L\u2019alcalde de Roquetes, <strong>Ivan Garcia,<\/strong> ha catalogat la 30a edici\u00f3 de la Fira de Nadal de la ciutat com a \u201chist\u00f2rica\u201d, tant per la seva antiguitat a les Terres de l\u2019Ebre, com per la seva implantaci\u00f3, pes i dinamisme. \u201cAix\u00f2 \u00e9s fruit del treball de molta gent al llarg de molts d\u2019anys, per\u00f2 especialment del personal de l\u2019Ajuntament i de les entitats i associacions locals\u201d, ha afirmat el batlle, tot fent extensiu l\u2019agra\u00efment tamb\u00e9 \u201cals artesans i creadors\u201d presents.<\/p>\n<p>Alhora, <strong>Garcia<\/strong> tamb\u00e9 ha volgut destacar \u201cl\u2019important impuls econ\u00f2mic\u201d que significa l\u2019esdeveniment tant per al teixit comercial del municipi, com per al sector de la restauraci\u00f3, en plena campanya nadalenca. \u201c\u00c9s una riuada de gent constant, que et permet poder gaudir de les cares de felicitat dels nens i nenes en dies com aquests. Durant la programaci\u00f3 fem que passin coses perqu\u00e8 tothom es diverteixi, i d\u2019aquesta forma tamb\u00e9 donem suport als productors culturals del nostre territori\u201d, ha concl\u00f2s, tot mostrant la seva satisfacci\u00f3 per l\u2019\u00e8xit de la Fira.<\/p>\n<p><strong>GALERIA D&#8217;IMATGES DE LA 30a FIRA DE NADAL DE ROQUETES: <a href=\"https:\/\/www.flickr.com\/photos\/ajroquetes\/albums\/72177720322619987\/\">AQU\u00cd.<\/a><\/strong><\/p>\n<p>FOTO DE PORTADA: GERARD CARDONA \/ APROPEBRE.CAT<\/p>\n<div id=\"attachment_14163\" style=\"width: 2570px\" class=\"wp-caption alignnone\"><img decoding=\"async\" aria-describedby=\"caption-attachment-14163\" class=\"wp-image-14163 size-full lazyload\" data-src=\"https:\/\/roquetes.cat\/web\/wp-content\/uploads\/2024\/12\/IMG_9613_10_11zon-scaled.jpg\" alt=\"\" width=\"2560\" height=\"1707\" data-srcset=\"https:\/\/roquetes.cat\/web\/wp-content\/uploads\/2024\/12\/IMG_9613_10_11zon-scaled.jpg 2560w, https:\/\/roquetes.cat\/web\/wp-content\/uploads\/2024\/12\/IMG_9613_10_11zon-1280x854.jpg 1280w, https:\/\/roquetes.cat\/web\/wp-content\/uploads\/2024\/12\/IMG_9613_10_11zon-980x653.jpg 980w, https:\/\/roquetes.cat\/web\/wp-content\/uploads\/2024\/12\/IMG_9613_10_11zon-480x320.jpg 480w\" data-sizes=\"(min-width: 0px) and (max-width: 480px) 480px, (min-width: 481px) and (max-width: 980px) 980px, (min-width: 981px) and (max-width: 1280px) 1280px, (min-width: 1281px) 2560px, 100vw\" src=\"data:image\/svg+xml;base64,PHN2ZyB3aWR0aD0iMSIgaGVpZ2h0PSIxIiB4bWxucz0iaHR0cDovL3d3dy53My5vcmcvMjAwMC9zdmciPjwvc3ZnPg==\" style=\"--smush-placeholder-width: 2560px; --smush-placeholder-aspect-ratio: 2560\/1707;\" \/><p id=\"caption-attachment-14163\" class=\"wp-caption-text\">FOTO: PACO BOLU\u00d1A<\/p><\/div>\n<div id=\"attachment_14164\" style=\"width: 2570px\" class=\"wp-caption alignnone\"><img decoding=\"async\" aria-describedby=\"caption-attachment-14164\" class=\"wp-image-14164 size-full lazyload\" data-src=\"https:\/\/roquetes.cat\/web\/wp-content\/uploads\/2024\/12\/FiraRoquetes2024-016_1_11zon-scaled.jpg\" alt=\"\" width=\"2560\" height=\"1707\" data-srcset=\"https:\/\/roquetes.cat\/web\/wp-content\/uploads\/2024\/12\/FiraRoquetes2024-016_1_11zon-scaled.jpg 2560w, https:\/\/roquetes.cat\/web\/wp-content\/uploads\/2024\/12\/FiraRoquetes2024-016_1_11zon-1280x854.jpg 1280w, https:\/\/roquetes.cat\/web\/wp-content\/uploads\/2024\/12\/FiraRoquetes2024-016_1_11zon-980x653.jpg 980w, https:\/\/roquetes.cat\/web\/wp-content\/uploads\/2024\/12\/FiraRoquetes2024-016_1_11zon-480x320.jpg 480w\" data-sizes=\"(min-width: 0px) and (max-width: 480px) 480px, (min-width: 481px) and (max-width: 980px) 980px, (min-width: 981px) and (max-width: 1280px) 1280px, (min-width: 1281px) 2560px, 100vw\" src=\"data:image\/svg+xml;base64,PHN2ZyB3aWR0aD0iMSIgaGVpZ2h0PSIxIiB4bWxucz0iaHR0cDovL3d3dy53My5vcmcvMjAwMC9zdmciPjwvc3ZnPg==\" style=\"--smush-placeholder-width: 2560px; --smush-placeholder-aspect-ratio: 2560\/1707;\" \/><p id=\"caption-attachment-14164\" class=\"wp-caption-text\">FOTO: GERARD CARDONA \/ APROPEBRE.CAT<\/p><\/div>\n<div id=\"attachment_14165\" style=\"width: 2570px\" class=\"wp-caption alignnone\"><img decoding=\"async\" aria-describedby=\"caption-attachment-14165\" class=\"wp-image-14165 size-full lazyload\" data-src=\"https:\/\/roquetes.cat\/web\/wp-content\/uploads\/2024\/12\/FiraRoquetes2024-025_2_11zon-scaled.jpg\" alt=\"\" width=\"2560\" height=\"1707\" data-srcset=\"https:\/\/roquetes.cat\/web\/wp-content\/uploads\/2024\/12\/FiraRoquetes2024-025_2_11zon-scaled.jpg 2560w, https:\/\/roquetes.cat\/web\/wp-content\/uploads\/2024\/12\/FiraRoquetes2024-025_2_11zon-1280x854.jpg 1280w, https:\/\/roquetes.cat\/web\/wp-content\/uploads\/2024\/12\/FiraRoquetes2024-025_2_11zon-980x653.jpg 980w, https:\/\/roquetes.cat\/web\/wp-content\/uploads\/2024\/12\/FiraRoquetes2024-025_2_11zon-480x320.jpg 480w\" data-sizes=\"(min-width: 0px) and (max-width: 480px) 480px, (min-width: 481px) and (max-width: 980px) 980px, (min-width: 981px) and (max-width: 1280px) 1280px, (min-width: 1281px) 2560px, 100vw\" src=\"data:image\/svg+xml;base64,PHN2ZyB3aWR0aD0iMSIgaGVpZ2h0PSIxIiB4bWxucz0iaHR0cDovL3d3dy53My5vcmcvMjAwMC9zdmciPjwvc3ZnPg==\" style=\"--smush-placeholder-width: 2560px; --smush-placeholder-aspect-ratio: 2560\/1707;\" \/><p id=\"caption-attachment-14165\" class=\"wp-caption-text\">FOTO: GERARD CARDONA \/ APROPEBRE.CAT<\/p><\/div>\n<div id=\"attachment_14166\" style=\"width: 2570px\" class=\"wp-caption alignnone\"><img decoding=\"async\" aria-describedby=\"caption-attachment-14166\" class=\"wp-image-14166 size-full lazyload\" data-src=\"https:\/\/roquetes.cat\/web\/wp-content\/uploads\/2024\/12\/FiraRoquetes2024-033_3_11zon-scaled.jpg\" alt=\"\" width=\"2560\" height=\"1707\" data-srcset=\"https:\/\/roquetes.cat\/web\/wp-content\/uploads\/2024\/12\/FiraRoquetes2024-033_3_11zon-scaled.jpg 2560w, https:\/\/roquetes.cat\/web\/wp-content\/uploads\/2024\/12\/FiraRoquetes2024-033_3_11zon-1280x854.jpg 1280w, https:\/\/roquetes.cat\/web\/wp-content\/uploads\/2024\/12\/FiraRoquetes2024-033_3_11zon-980x653.jpg 980w, https:\/\/roquetes.cat\/web\/wp-content\/uploads\/2024\/12\/FiraRoquetes2024-033_3_11zon-480x320.jpg 480w\" data-sizes=\"(min-width: 0px) and (max-width: 480px) 480px, (min-width: 481px) and (max-width: 980px) 980px, (min-width: 981px) and (max-width: 1280px) 1280px, (min-width: 1281px) 2560px, 100vw\" src=\"data:image\/svg+xml;base64,PHN2ZyB3aWR0aD0iMSIgaGVpZ2h0PSIxIiB4bWxucz0iaHR0cDovL3d3dy53My5vcmcvMjAwMC9zdmciPjwvc3ZnPg==\" style=\"--smush-placeholder-width: 2560px; --smush-placeholder-aspect-ratio: 2560\/1707;\" \/><p id=\"caption-attachment-14166\" class=\"wp-caption-text\">FOTO: GERARD CARDONA \/ APROPEBRE.CAT<\/p><\/div>\n<div id=\"attachment_14168\" style=\"width: 2570px\" class=\"wp-caption alignnone\"><img decoding=\"async\" aria-describedby=\"caption-attachment-14168\" class=\"wp-image-14168 size-full lazyload\" data-src=\"https:\/\/roquetes.cat\/web\/wp-content\/uploads\/2024\/12\/FiraRoquetes2024-073_5_11zon-scaled.jpg\" alt=\"\" width=\"2560\" height=\"1707\" data-srcset=\"https:\/\/roquetes.cat\/web\/wp-content\/uploads\/2024\/12\/FiraRoquetes2024-073_5_11zon-scaled.jpg 2560w, https:\/\/roquetes.cat\/web\/wp-content\/uploads\/2024\/12\/FiraRoquetes2024-073_5_11zon-1280x854.jpg 1280w, https:\/\/roquetes.cat\/web\/wp-content\/uploads\/2024\/12\/FiraRoquetes2024-073_5_11zon-980x653.jpg 980w, https:\/\/roquetes.cat\/web\/wp-content\/uploads\/2024\/12\/FiraRoquetes2024-073_5_11zon-480x320.jpg 480w\" data-sizes=\"(min-width: 0px) and (max-width: 480px) 480px, (min-width: 481px) and (max-width: 980px) 980px, (min-width: 981px) and (max-width: 1280px) 1280px, (min-width: 1281px) 2560px, 100vw\" src=\"data:image\/svg+xml;base64,PHN2ZyB3aWR0aD0iMSIgaGVpZ2h0PSIxIiB4bWxucz0iaHR0cDovL3d3dy53My5vcmcvMjAwMC9zdmciPjwvc3ZnPg==\" style=\"--smush-placeholder-width: 2560px; --smush-placeholder-aspect-ratio: 2560\/1707;\" \/><p id=\"caption-attachment-14168\" class=\"wp-caption-text\">FOTO: GERARD CARDONA \/ APROPEBRE.CAT<\/p><\/div>\n<div id=\"attachment_14169\" style=\"width: 2570px\" class=\"wp-caption alignnone\"><img decoding=\"async\" aria-describedby=\"caption-attachment-14169\" class=\"wp-image-14169 size-full lazyload\" data-src=\"https:\/\/roquetes.cat\/web\/wp-content\/uploads\/2024\/12\/FiraRoquetes2024-081_6_11zon-scaled.jpg\" alt=\"\" width=\"2560\" height=\"1707\" data-srcset=\"https:\/\/roquetes.cat\/web\/wp-content\/uploads\/2024\/12\/FiraRoquetes2024-081_6_11zon-scaled.jpg 2560w, https:\/\/roquetes.cat\/web\/wp-content\/uploads\/2024\/12\/FiraRoquetes2024-081_6_11zon-1280x854.jpg 1280w, https:\/\/roquetes.cat\/web\/wp-content\/uploads\/2024\/12\/FiraRoquetes2024-081_6_11zon-980x653.jpg 980w, https:\/\/roquetes.cat\/web\/wp-content\/uploads\/2024\/12\/FiraRoquetes2024-081_6_11zon-480x320.jpg 480w\" data-sizes=\"(min-width: 0px) and (max-width: 480px) 480px, (min-width: 481px) and (max-width: 980px) 980px, (min-width: 981px) and (max-width: 1280px) 1280px, (min-width: 1281px) 2560px, 100vw\" src=\"data:image\/svg+xml;base64,PHN2ZyB3aWR0aD0iMSIgaGVpZ2h0PSIxIiB4bWxucz0iaHR0cDovL3d3dy53My5vcmcvMjAwMC9zdmciPjwvc3ZnPg==\" style=\"--smush-placeholder-width: 2560px; --smush-placeholder-aspect-ratio: 2560\/1707;\" \/><p id=\"caption-attachment-14169\" class=\"wp-caption-text\">FOTO: GERARD CARDONA \/ APROPEBRE.CAT<\/p><\/div>\n<div id=\"attachment_14170\" style=\"width: 2570px\" class=\"wp-caption alignnone\"><img decoding=\"async\" aria-describedby=\"caption-attachment-14170\" class=\"wp-image-14170 size-full lazyload\" data-src=\"https:\/\/roquetes.cat\/web\/wp-content\/uploads\/2024\/12\/FiraRoquetes2024-082_7_11zon-scaled.jpg\" alt=\"\" width=\"2560\" height=\"1707\" data-srcset=\"https:\/\/roquetes.cat\/web\/wp-content\/uploads\/2024\/12\/FiraRoquetes2024-082_7_11zon-scaled.jpg 2560w, https:\/\/roquetes.cat\/web\/wp-content\/uploads\/2024\/12\/FiraRoquetes2024-082_7_11zon-1280x854.jpg 1280w, https:\/\/roquetes.cat\/web\/wp-content\/uploads\/2024\/12\/FiraRoquetes2024-082_7_11zon-980x653.jpg 980w, https:\/\/roquetes.cat\/web\/wp-content\/uploads\/2024\/12\/FiraRoquetes2024-082_7_11zon-480x320.jpg 480w\" data-sizes=\"(min-width: 0px) and (max-width: 480px) 480px, (min-width: 481px) and (max-width: 980px) 980px, (min-width: 981px) and (max-width: 1280px) 1280px, (min-width: 1281px) 2560px, 100vw\" src=\"data:image\/svg+xml;base64,PHN2ZyB3aWR0aD0iMSIgaGVpZ2h0PSIxIiB4bWxucz0iaHR0cDovL3d3dy53My5vcmcvMjAwMC9zdmciPjwvc3ZnPg==\" style=\"--smush-placeholder-width: 2560px; --smush-placeholder-aspect-ratio: 2560\/1707;\" \/><p id=\"caption-attachment-14170\" class=\"wp-caption-text\">FOTO: GERARD CARDONA \/ APROPEBRE.CAT<\/p><\/div>\n<div id=\"attachment_14171\" style=\"width: 2570px\" class=\"wp-caption alignnone\"><img decoding=\"async\" aria-describedby=\"caption-attachment-14171\" class=\"wp-image-14171 size-full lazyload\" data-src=\"https:\/\/roquetes.cat\/web\/wp-content\/uploads\/2024\/12\/FiraRoquetes2024-084_8_11zon-scaled.jpg\" alt=\"\" width=\"2560\" height=\"1707\" data-srcset=\"https:\/\/roquetes.cat\/web\/wp-content\/uploads\/2024\/12\/FiraRoquetes2024-084_8_11zon-scaled.jpg 2560w, https:\/\/roquetes.cat\/web\/wp-content\/uploads\/2024\/12\/FiraRoquetes2024-084_8_11zon-1280x854.jpg 1280w, https:\/\/roquetes.cat\/web\/wp-content\/uploads\/2024\/12\/FiraRoquetes2024-084_8_11zon-980x653.jpg 980w, https:\/\/roquetes.cat\/web\/wp-content\/uploads\/2024\/12\/FiraRoquetes2024-084_8_11zon-480x320.jpg 480w\" data-sizes=\"(min-width: 0px) and (max-width: 480px) 480px, (min-width: 481px) and (max-width: 980px) 980px, (min-width: 981px) and (max-width: 1280px) 1280px, (min-width: 1281px) 2560px, 100vw\" src=\"data:image\/svg+xml;base64,PHN2ZyB3aWR0aD0iMSIgaGVpZ2h0PSIxIiB4bWxucz0iaHR0cDovL3d3dy53My5vcmcvMjAwMC9zdmciPjwvc3ZnPg==\" style=\"--smush-placeholder-width: 2560px; --smush-placeholder-aspect-ratio: 2560\/1707;\" \/><p id=\"caption-attachment-14171\" class=\"wp-caption-text\">FOTO: GERARD CARDONA \/ APROPEBRE.CAT<\/p><\/div>\n<div id=\"attachment_14172\" style=\"width: 2570px\" class=\"wp-caption alignnone\"><img decoding=\"async\" aria-describedby=\"caption-attachment-14172\" class=\"wp-image-14172 size-full lazyload\" data-src=\"https:\/\/roquetes.cat\/web\/wp-content\/uploads\/2024\/12\/FiraRoquetes2024-111_9_11zon-scaled.jpg\" alt=\"\" width=\"2560\" height=\"1707\" data-srcset=\"https:\/\/roquetes.cat\/web\/wp-content\/uploads\/2024\/12\/FiraRoquetes2024-111_9_11zon-scaled.jpg 2560w, https:\/\/roquetes.cat\/web\/wp-content\/uploads\/2024\/12\/FiraRoquetes2024-111_9_11zon-1280x854.jpg 1280w, https:\/\/roquetes.cat\/web\/wp-content\/uploads\/2024\/12\/FiraRoquetes2024-111_9_11zon-980x653.jpg 980w, https:\/\/roquetes.cat\/web\/wp-content\/uploads\/2024\/12\/FiraRoquetes2024-111_9_11zon-480x320.jpg 480w\" data-sizes=\"(min-width: 0px) and (max-width: 480px) 480px, (min-width: 481px) and (max-width: 980px) 980px, (min-width: 981px) and (max-width: 1280px) 1280px, (min-width: 1281px) 2560px, 100vw\" src=\"data:image\/svg+xml;base64,PHN2ZyB3aWR0aD0iMSIgaGVpZ2h0PSIxIiB4bWxucz0iaHR0cDovL3d3dy53My5vcmcvMjAwMC9zdmciPjwvc3ZnPg==\" style=\"--smush-placeholder-width: 2560px; --smush-placeholder-aspect-ratio: 2560\/1707;\" \/><p id=\"caption-attachment-14172\" class=\"wp-caption-text\">FOTO: GERARD CARDONA \/ APROPEBRE.CAT<\/p><\/div>\n<p>&nbsp;<\/p>\n","protected":false},"excerpt":{"rendered":"<p>Roquetes tanca una edici\u00f3 especial amb m\u00e9s de 50 paradistes, una injecci\u00f3 superior als 20.000 euros al comer\u00e7 local i actuacions de gran nivell. Tres d\u00e8cades, i per moltes m\u00e9s. La Fira de Nadal de Roquetes ha celebrat aquest cap de setmana el seu trent\u00e8 aniversari, amb dos intensos dies carregats d\u2019activitat, m\u00e0gia i il\u00b7lusi\u00f3, [&hellip;]<\/p>\n","protected":false},"author":6,"featured_media":14160,"comment_status":"closed","ping_status":"closed","sticky":false,"template":"","format":"standard","meta":{"_et_pb_use_builder":"","_et_pb_old_content":"","_et_gb_content_width":"","footnotes":""},"categories":[1,14,34],"tags":[],"class_list":["post-14159","post","type-post","status-publish","format-standard","has-post-thumbnail","hentry","category-cultura","category-dinamitzacio-economica","category-portada"],"_links":{"self":[{"href":"https:\/\/roquetes.cat\/web\/wp-json\/wp\/v2\/posts\/14159","targetHints":{"allow":["GET"]}}],"collection":[{"href":"https:\/\/roquetes.cat\/web\/wp-json\/wp\/v2\/posts"}],"about":[{"href":"https:\/\/roquetes.cat\/web\/wp-json\/wp\/v2\/types\/post"}],"author":[{"embeddable":true,"href":"https:\/\/roquetes.cat\/web\/wp-json\/wp\/v2\/users\/6"}],"replies":[{"embeddable":true,"href":"https:\/\/roquetes.cat\/web\/wp-json\/wp\/v2\/comments?post=14159"}],"version-history":[{"count":7,"href":"https:\/\/roquetes.cat\/web\/wp-json\/wp\/v2\/posts\/14159\/revisions"}],"predecessor-version":[{"id":15376,"href":"https:\/\/roquetes.cat\/web\/wp-json\/wp\/v2\/posts\/14159\/revisions\/15376"}],"wp:featuredmedia":[{"embeddable":true,"href":"https:\/\/roquetes.cat\/web\/wp-json\/wp\/v2\/media\/14160"}],"wp:attachment":[{"href":"https:\/\/roquetes.cat\/web\/wp-json\/wp\/v2\/media?parent=14159"}],"wp:term":[{"taxonomy":"category","embeddable":true,"href":"https:\/\/roquetes.cat\/web\/wp-json\/wp\/v2\/categories?post=14159"},{"taxonomy":"post_tag","embeddable":true,"href":"https:\/\/roquetes.cat\/web\/wp-json\/wp\/v2\/tags?post=14159"}],"curies":[{"name":"wp","href":"https:\/\/api.w.org\/{rel}","templated":true}]}}