{"id":13993,"date":"2024-12-04T18:11:20","date_gmt":"2024-12-04T16:11:20","guid":{"rendered":"https:\/\/roquetes.cat\/web\/?p=13993"},"modified":"2024-12-18T13:23:51","modified_gmt":"2024-12-18T11:23:51","slug":"programa-de-la-30a-fira-de-nadal-a-roquetes","status":"publish","type":"post","link":"https:\/\/roquetes.cat\/web\/programa-de-la-30a-fira-de-nadal-a-roquetes\/","title":{"rendered":"Roquetes celebra la 30a Fira de Nadal amb m\u00e9s de 50 expositors i un programa ampliat"},"content":{"rendered":"<h2>Ser\u00e0 el dissabte 14 i diumenge 15 de desembre, amb la col\u00b7laboraci\u00f3 del comer\u00e7 i les entitats locals, i moltes activitats, tallers, exposicions, m\u00fasica i sorpreses.<\/h2>\n<p>Roquetes es convertir\u00e0 en l\u2019epicentre de la m\u00e0gia i l\u2019esperit nadalenc, amb la celebraci\u00f3 de la <strong>30a Fira de Nadal, aquest cap de setmana del 14 i 15 de desembre.<\/strong> L\u2019esdeveniment, que enguany viu una edici\u00f3 especial pel seu aniversari, <strong>reunir\u00e0 un total de 54 expositors i comptar\u00e0 amb la col\u00b7laboraci\u00f3 de fins a 18 entitats del municipi,<\/strong> que contribuiran a fer de la fira una cita \u00fanica i de pes al territori.<\/p>\n<p>L\u2019Ajuntament de Roquetes, amb la col\u00b7laboraci\u00f3 de les associacions locals, ha preparat una fira que combinar\u00e0 tradici\u00f3, solidaritat i innovaci\u00f3, per commemorar l\u2019efem\u00e8ride. El <strong>Mercat Municipal, <\/strong>el<strong> Passeig Ramon Bosch i Rosell <\/strong>i la<strong> Pla\u00e7a dels Pa\u00efsos Catalans<\/strong> seran els escenaris principals d\u2019un cap de setmana ple d\u2019activitats, amb un programa ampliat que inclour\u00e0 <strong>m\u00e9s activitats tallers, exposicions, m\u00fasica, balls i sorpreses per a tot el p\u00fablic assistent.<\/strong><\/p>\n<p>\u201cAmb aquest esdeveniment, Roquetes no nom\u00e9s refor\u00e7a el seu comprom\u00eds amb el comer\u00e7 i els creadors de la ciutat, si no que tamb\u00e9 consolida la seva Fira de Nadal com una cita de refer\u00e8ncia i imprescindible a les Terres de l\u2019Ebre, amb una traject\u00f2ria sostinguda de tres d\u00e8cades\u201d, ha subratllat l\u2019alcalde del municipi, <strong>Ivan Garcia.<\/strong><\/p>\n<p><strong>Una programaci\u00f3 extensa i per a totes les edats<\/strong><\/p>\n<p>La <strong>30a Fira de Nadal de Roquetes<\/strong> incorporar\u00e0 diversitat d\u2019actes pensats per a petits i grans, des de tallers creatius i espectacles musicals, fins a exhibicions de ball, tradicions nadalenques, sortejos i sorpreses.<\/p>\n<p>Aix\u00ed, els visitants, gr\u00e0cies a la campanya <em>\u2018Puja al tren de la compra local\u2019,<\/em> podran gaudir i apropar-se fins al recinte amb el <strong>Polar Express.<\/strong> Un altre dels moments m\u00e9s esperats ser\u00e0 l\u2019<strong>arribada dels Patges Reials,<\/strong> per recollir les cartes dels infants, i tamb\u00e9 es podr\u00e0 gaudir dels espectacles <em>\u2018Mou el Nadal\u2019, \u2018La m\u00e0gia del Nadal\u2019 <\/em>o<em> \u2018Aqu\u00ed \u00e9s Nadal\u2019, <\/em>a m\u00e9s de les mostres musicals i recitals de corals, de cor i orquestra.<\/p>\n<p>Tampoc faltar\u00e0 la Caminada Solid\u00e0ria i moltes accions per col\u00b7laborar amb La Marat\u00f3 de TV3, dedicada enguany a les malalties respirat\u00f2ries, o moments per al paladar i l\u2019oci amb la xocolatada popular i el vermut musical.<\/p>\n<p><strong>Un mercat ple d\u2019encant<\/strong><\/p>\n<p>A la vegada, amb 54 expositors, el p\u00fablic assistent trobar\u00e0 una extensa varietat de productes gastron\u00f2mics de quil\u00f2metre zero, decoracions nadalenques i artesania local. Hi haur\u00e0 opcions per a tots els gustos, des de dol\u00e7os t\u00edpics d\u2019aquestes festes fins a regals exclusius dissenyats per artesans roquetencs i ebrencs.<\/p>\n<p>Tanmateix, els estands contindran peces de cosm\u00e8tica natural, il\u00b7lustracions creatives, productes reciclats i altres propostes que destacaran per la seva originalitat i qualitat. Un espai ideal per trobar aquell detall diferencial i de valor, i per poder viure l\u2019ess\u00e8ncia del Nadal en un ambient d\u2019il\u00b7lusi\u00f3 i del tot acollidor.<\/p>\n<p><img decoding=\"async\" class=\"alignnone size-full wp-image-14024 lazyload\" data-src=\"https:\/\/roquetes.cat\/web\/wp-content\/uploads\/2024\/12\/PROGRAMA-DEFINITIU_page-0001.jpg\" alt=\"\" width=\"1241\" height=\"1755\" data-srcset=\"https:\/\/roquetes.cat\/web\/wp-content\/uploads\/2024\/12\/PROGRAMA-DEFINITIU_page-0001.jpg 1241w, https:\/\/roquetes.cat\/web\/wp-content\/uploads\/2024\/12\/PROGRAMA-DEFINITIU_page-0001-980x1386.jpg 980w, https:\/\/roquetes.cat\/web\/wp-content\/uploads\/2024\/12\/PROGRAMA-DEFINITIU_page-0001-480x679.jpg 480w\" data-sizes=\"(min-width: 0px) and (max-width: 480px) 480px, (min-width: 481px) and (max-width: 980px) 980px, (min-width: 981px) 1241px, 100vw\" src=\"data:image\/svg+xml;base64,PHN2ZyB3aWR0aD0iMSIgaGVpZ2h0PSIxIiB4bWxucz0iaHR0cDovL3d3dy53My5vcmcvMjAwMC9zdmciPjwvc3ZnPg==\" style=\"--smush-placeholder-width: 1241px; --smush-placeholder-aspect-ratio: 1241\/1755;\" \/><\/p>\n<p><img decoding=\"async\" class=\"alignnone size-full wp-image-14025 lazyload\" data-src=\"https:\/\/roquetes.cat\/web\/wp-content\/uploads\/2024\/12\/PROGRAMA-DEFINITIU_page-0002.jpg\" alt=\"\" width=\"1241\" height=\"1755\" data-srcset=\"https:\/\/roquetes.cat\/web\/wp-content\/uploads\/2024\/12\/PROGRAMA-DEFINITIU_page-0002.jpg 1241w, https:\/\/roquetes.cat\/web\/wp-content\/uploads\/2024\/12\/PROGRAMA-DEFINITIU_page-0002-980x1386.jpg 980w, https:\/\/roquetes.cat\/web\/wp-content\/uploads\/2024\/12\/PROGRAMA-DEFINITIU_page-0002-480x679.jpg 480w\" data-sizes=\"(min-width: 0px) and (max-width: 480px) 480px, (min-width: 481px) and (max-width: 980px) 980px, (min-width: 981px) 1241px, 100vw\" src=\"data:image\/svg+xml;base64,PHN2ZyB3aWR0aD0iMSIgaGVpZ2h0PSIxIiB4bWxucz0iaHR0cDovL3d3dy53My5vcmcvMjAwMC9zdmciPjwvc3ZnPg==\" style=\"--smush-placeholder-width: 1241px; --smush-placeholder-aspect-ratio: 1241\/1755;\" \/><\/p>\n<p><img decoding=\"async\" class=\"alignnone size-full wp-image-14026 lazyload\" data-src=\"https:\/\/roquetes.cat\/web\/wp-content\/uploads\/2024\/12\/PROGRAMA-DEFINITIU_page-0003.jpg\" alt=\"\" width=\"1241\" height=\"1755\" data-srcset=\"https:\/\/roquetes.cat\/web\/wp-content\/uploads\/2024\/12\/PROGRAMA-DEFINITIU_page-0003.jpg 1241w, https:\/\/roquetes.cat\/web\/wp-content\/uploads\/2024\/12\/PROGRAMA-DEFINITIU_page-0003-980x1386.jpg 980w, https:\/\/roquetes.cat\/web\/wp-content\/uploads\/2024\/12\/PROGRAMA-DEFINITIU_page-0003-480x679.jpg 480w\" data-sizes=\"(min-width: 0px) and (max-width: 480px) 480px, (min-width: 481px) and (max-width: 980px) 980px, (min-width: 981px) 1241px, 100vw\" src=\"data:image\/svg+xml;base64,PHN2ZyB3aWR0aD0iMSIgaGVpZ2h0PSIxIiB4bWxucz0iaHR0cDovL3d3dy53My5vcmcvMjAwMC9zdmciPjwvc3ZnPg==\" style=\"--smush-placeholder-width: 1241px; --smush-placeholder-aspect-ratio: 1241\/1755;\" \/><\/p>\n<p><img decoding=\"async\" class=\"alignnone size-full wp-image-14027 lazyload\" data-src=\"https:\/\/roquetes.cat\/web\/wp-content\/uploads\/2024\/12\/PROGRAMA-DEFINITIU_page-0004.jpg\" alt=\"\" width=\"1241\" height=\"1755\" data-srcset=\"https:\/\/roquetes.cat\/web\/wp-content\/uploads\/2024\/12\/PROGRAMA-DEFINITIU_page-0004.jpg 1241w, https:\/\/roquetes.cat\/web\/wp-content\/uploads\/2024\/12\/PROGRAMA-DEFINITIU_page-0004-980x1386.jpg 980w, https:\/\/roquetes.cat\/web\/wp-content\/uploads\/2024\/12\/PROGRAMA-DEFINITIU_page-0004-480x679.jpg 480w\" data-sizes=\"(min-width: 0px) and (max-width: 480px) 480px, (min-width: 481px) and (max-width: 980px) 980px, (min-width: 981px) 1241px, 100vw\" src=\"data:image\/svg+xml;base64,PHN2ZyB3aWR0aD0iMSIgaGVpZ2h0PSIxIiB4bWxucz0iaHR0cDovL3d3dy53My5vcmcvMjAwMC9zdmciPjwvc3ZnPg==\" style=\"--smush-placeholder-width: 1241px; --smush-placeholder-aspect-ratio: 1241\/1755;\" \/><\/p>\n<p><img decoding=\"async\" class=\"alignnone size-full wp-image-14028 lazyload\" data-src=\"https:\/\/roquetes.cat\/web\/wp-content\/uploads\/2024\/12\/PROGRAMA-DEFINITIU_page-0005.jpg\" alt=\"\" width=\"1241\" height=\"1755\" data-srcset=\"https:\/\/roquetes.cat\/web\/wp-content\/uploads\/2024\/12\/PROGRAMA-DEFINITIU_page-0005.jpg 1241w, https:\/\/roquetes.cat\/web\/wp-content\/uploads\/2024\/12\/PROGRAMA-DEFINITIU_page-0005-980x1386.jpg 980w, https:\/\/roquetes.cat\/web\/wp-content\/uploads\/2024\/12\/PROGRAMA-DEFINITIU_page-0005-480x679.jpg 480w\" data-sizes=\"(min-width: 0px) and (max-width: 480px) 480px, (min-width: 481px) and (max-width: 980px) 980px, (min-width: 981px) 1241px, 100vw\" src=\"data:image\/svg+xml;base64,PHN2ZyB3aWR0aD0iMSIgaGVpZ2h0PSIxIiB4bWxucz0iaHR0cDovL3d3dy53My5vcmcvMjAwMC9zdmciPjwvc3ZnPg==\" style=\"--smush-placeholder-width: 1241px; --smush-placeholder-aspect-ratio: 1241\/1755;\" \/><\/p>\n<p><img decoding=\"async\" class=\"alignnone size-full wp-image-14039 lazyload\" data-src=\"https:\/\/roquetes.cat\/web\/wp-content\/uploads\/2024\/12\/PROGRAMA-FIRA-NADAL_page-0006.jpg\" alt=\"\" width=\"1241\" height=\"1755\" data-srcset=\"https:\/\/roquetes.cat\/web\/wp-content\/uploads\/2024\/12\/PROGRAMA-FIRA-NADAL_page-0006.jpg 1241w, https:\/\/roquetes.cat\/web\/wp-content\/uploads\/2024\/12\/PROGRAMA-FIRA-NADAL_page-0006-980x1386.jpg 980w, https:\/\/roquetes.cat\/web\/wp-content\/uploads\/2024\/12\/PROGRAMA-FIRA-NADAL_page-0006-480x679.jpg 480w\" data-sizes=\"(min-width: 0px) and (max-width: 480px) 480px, (min-width: 481px) and (max-width: 980px) 980px, (min-width: 981px) 1241px, 100vw\" src=\"data:image\/svg+xml;base64,PHN2ZyB3aWR0aD0iMSIgaGVpZ2h0PSIxIiB4bWxucz0iaHR0cDovL3d3dy53My5vcmcvMjAwMC9zdmciPjwvc3ZnPg==\" style=\"--smush-placeholder-width: 1241px; --smush-placeholder-aspect-ratio: 1241\/1755;\" \/><\/p>\n<p><img decoding=\"async\" class=\"alignnone size-full wp-image-14030 lazyload\" data-src=\"https:\/\/roquetes.cat\/web\/wp-content\/uploads\/2024\/12\/PROGRAMA-DEFINITIU_page-0007.jpg\" alt=\"\" width=\"1241\" height=\"1755\" data-srcset=\"https:\/\/roquetes.cat\/web\/wp-content\/uploads\/2024\/12\/PROGRAMA-DEFINITIU_page-0007.jpg 1241w, https:\/\/roquetes.cat\/web\/wp-content\/uploads\/2024\/12\/PROGRAMA-DEFINITIU_page-0007-980x1386.jpg 980w, https:\/\/roquetes.cat\/web\/wp-content\/uploads\/2024\/12\/PROGRAMA-DEFINITIU_page-0007-480x679.jpg 480w\" data-sizes=\"(min-width: 0px) and (max-width: 480px) 480px, (min-width: 481px) and (max-width: 980px) 980px, (min-width: 981px) 1241px, 100vw\" src=\"data:image\/svg+xml;base64,PHN2ZyB3aWR0aD0iMSIgaGVpZ2h0PSIxIiB4bWxucz0iaHR0cDovL3d3dy53My5vcmcvMjAwMC9zdmciPjwvc3ZnPg==\" style=\"--smush-placeholder-width: 1241px; --smush-placeholder-aspect-ratio: 1241\/1755;\" \/><\/p>\n<p><img decoding=\"async\" class=\"alignnone size-full wp-image-14031 lazyload\" data-src=\"https:\/\/roquetes.cat\/web\/wp-content\/uploads\/2024\/12\/PROGRAMA-DEFINITIU_page-0008.jpg\" alt=\"\" width=\"1241\" height=\"1755\" data-srcset=\"https:\/\/roquetes.cat\/web\/wp-content\/uploads\/2024\/12\/PROGRAMA-DEFINITIU_page-0008.jpg 1241w, https:\/\/roquetes.cat\/web\/wp-content\/uploads\/2024\/12\/PROGRAMA-DEFINITIU_page-0008-980x1386.jpg 980w, https:\/\/roquetes.cat\/web\/wp-content\/uploads\/2024\/12\/PROGRAMA-DEFINITIU_page-0008-480x679.jpg 480w\" data-sizes=\"(min-width: 0px) and (max-width: 480px) 480px, (min-width: 481px) and (max-width: 980px) 980px, (min-width: 981px) 1241px, 100vw\" src=\"data:image\/svg+xml;base64,PHN2ZyB3aWR0aD0iMSIgaGVpZ2h0PSIxIiB4bWxucz0iaHR0cDovL3d3dy53My5vcmcvMjAwMC9zdmciPjwvc3ZnPg==\" style=\"--smush-placeholder-width: 1241px; --smush-placeholder-aspect-ratio: 1241\/1755;\" \/><\/p>\n<p><img decoding=\"async\" class=\"alignnone size-full wp-image-14032 lazyload\" data-src=\"https:\/\/roquetes.cat\/web\/wp-content\/uploads\/2024\/12\/PROGRAMA-DEFINITIU_page-0009.jpg\" alt=\"\" width=\"1241\" height=\"1755\" data-srcset=\"https:\/\/roquetes.cat\/web\/wp-content\/uploads\/2024\/12\/PROGRAMA-DEFINITIU_page-0009.jpg 1241w, https:\/\/roquetes.cat\/web\/wp-content\/uploads\/2024\/12\/PROGRAMA-DEFINITIU_page-0009-980x1386.jpg 980w, https:\/\/roquetes.cat\/web\/wp-content\/uploads\/2024\/12\/PROGRAMA-DEFINITIU_page-0009-480x679.jpg 480w\" data-sizes=\"(min-width: 0px) and (max-width: 480px) 480px, (min-width: 481px) and (max-width: 980px) 980px, (min-width: 981px) 1241px, 100vw\" src=\"data:image\/svg+xml;base64,PHN2ZyB3aWR0aD0iMSIgaGVpZ2h0PSIxIiB4bWxucz0iaHR0cDovL3d3dy53My5vcmcvMjAwMC9zdmciPjwvc3ZnPg==\" style=\"--smush-placeholder-width: 1241px; --smush-placeholder-aspect-ratio: 1241\/1755;\" \/>\u00a0<img decoding=\"async\" class=\"alignnone size-full wp-image-14034 lazyload\" data-src=\"https:\/\/roquetes.cat\/web\/wp-content\/uploads\/2024\/12\/PROGRAMA-DEFINITIU_page-0010.jpg\" alt=\"\" width=\"1241\" height=\"1755\" data-srcset=\"https:\/\/roquetes.cat\/web\/wp-content\/uploads\/2024\/12\/PROGRAMA-DEFINITIU_page-0010.jpg 1241w, https:\/\/roquetes.cat\/web\/wp-content\/uploads\/2024\/12\/PROGRAMA-DEFINITIU_page-0010-980x1386.jpg 980w, https:\/\/roquetes.cat\/web\/wp-content\/uploads\/2024\/12\/PROGRAMA-DEFINITIU_page-0010-480x679.jpg 480w\" data-sizes=\"(min-width: 0px) and (max-width: 480px) 480px, (min-width: 481px) and (max-width: 980px) 980px, (min-width: 981px) 1241px, 100vw\" src=\"data:image\/svg+xml;base64,PHN2ZyB3aWR0aD0iMSIgaGVpZ2h0PSIxIiB4bWxucz0iaHR0cDovL3d3dy53My5vcmcvMjAwMC9zdmciPjwvc3ZnPg==\" style=\"--smush-placeholder-width: 1241px; --smush-placeholder-aspect-ratio: 1241\/1755;\" \/><\/p>\n<p>Descarrega&#8217;t el <strong>programa complet i horaris de la 30a Fira de Nadal de Roquetes<\/strong> fent clic <a href=\"https:\/\/roquetes.cat\/web\/wp-content\/uploads\/2024\/12\/PROGRAMA-FIRA-NADAL.pdf\"><strong>AQU\u00cd.<\/strong><\/a><\/p>\n","protected":false},"excerpt":{"rendered":"<p>Ser\u00e0 el dissabte 14 i diumenge 15 de desembre, amb la col\u00b7laboraci\u00f3 del comer\u00e7 i les entitats locals, i moltes activitats, tallers, exposicions, m\u00fasica i sorpreses. Roquetes es convertir\u00e0 en l\u2019epicentre de la m\u00e0gia i l\u2019esperit nadalenc, amb la celebraci\u00f3 de la 30a Fira de Nadal, aquest cap de setmana del 14 i 15 de [&hellip;]<\/p>\n","protected":false},"author":6,"featured_media":14021,"comment_status":"closed","ping_status":"closed","sticky":false,"template":"","format":"standard","meta":{"_et_pb_use_builder":"","_et_pb_old_content":"","_et_gb_content_width":"","footnotes":""},"categories":[1,14,34],"tags":[],"class_list":["post-13993","post","type-post","status-publish","format-standard","has-post-thumbnail","hentry","category-cultura","category-dinamitzacio-economica","category-portada"],"_links":{"self":[{"href":"https:\/\/roquetes.cat\/web\/wp-json\/wp\/v2\/posts\/13993","targetHints":{"allow":["GET"]}}],"collection":[{"href":"https:\/\/roquetes.cat\/web\/wp-json\/wp\/v2\/posts"}],"about":[{"href":"https:\/\/roquetes.cat\/web\/wp-json\/wp\/v2\/types\/post"}],"author":[{"embeddable":true,"href":"https:\/\/roquetes.cat\/web\/wp-json\/wp\/v2\/users\/6"}],"replies":[{"embeddable":true,"href":"https:\/\/roquetes.cat\/web\/wp-json\/wp\/v2\/comments?post=13993"}],"version-history":[{"count":8,"href":"https:\/\/roquetes.cat\/web\/wp-json\/wp\/v2\/posts\/13993\/revisions"}],"predecessor-version":[{"id":14145,"href":"https:\/\/roquetes.cat\/web\/wp-json\/wp\/v2\/posts\/13993\/revisions\/14145"}],"wp:featuredmedia":[{"embeddable":true,"href":"https:\/\/roquetes.cat\/web\/wp-json\/wp\/v2\/media\/14021"}],"wp:attachment":[{"href":"https:\/\/roquetes.cat\/web\/wp-json\/wp\/v2\/media?parent=13993"}],"wp:term":[{"taxonomy":"category","embeddable":true,"href":"https:\/\/roquetes.cat\/web\/wp-json\/wp\/v2\/categories?post=13993"},{"taxonomy":"post_tag","embeddable":true,"href":"https:\/\/roquetes.cat\/web\/wp-json\/wp\/v2\/tags?post=13993"}],"curies":[{"name":"wp","href":"https:\/\/api.w.org\/{rel}","templated":true}]}}