{"id":1377,"date":"2018-09-21T14:30:06","date_gmt":"2018-09-21T12:30:06","guid":{"rendered":"https:\/\/roquetes.cat\/web\/?p=1377"},"modified":"2021-07-01T14:30:49","modified_gmt":"2021-07-01T12:30:49","slug":"de-la-illusio-del-78-a-la-involucio-politica-actual","status":"publish","type":"post","link":"https:\/\/roquetes.cat\/web\/de-la-illusio-del-78-a-la-involucio-politica-actual\/","title":{"rendered":"De la il\u00b7lusi\u00f3 del 78 a la involuci\u00f3 pol\u00edtica actual"},"content":{"rendered":"<p>De la il\u00b7lusi\u00f3 transformadora que ten\u00edem a l\u2019any 78 amb les primeres eleccions democr\u00e0tiques als ajuntaments, fins avui, amb la p\u00e8rdua absoluta de l\u2019autonomia municipal a trav\u00e9s de la LO 2\/2012, d\u2019Estabilitat pressupost\u00e0ria i Sostenibilitat Financera, o la posterior Llei de Racionalitzaci\u00f3 i Sostenibilitat de l\u2019Administraci\u00f3 Local que des de l\u2019Estat ens imposen, es pot descriure com, en aquest cas des del punt de vista de la gesti\u00f3 municipal, despr\u00e9s de 40 anys d\u2019ajuntaments democr\u00e0tics i de 43 de la mort del dictador Franco, la involuci\u00f3 pol\u00edtica a l\u2019estat espanyol es un fet inq\u00fcestionable.<\/p>\n<p>En 40 anys no s\u2019ha millorat en res el finan\u00e7ament dels ens locals tot i ser l\u2019administraci\u00f3 m\u00e9s propera a la ciutadania, ni tan sols aquestes lleis i normatives han estan fetes per evitar la corrupci\u00f3 o el malbaratament dels recursos p\u00fablics -hi ha prou elements de control administratiu i jur\u00eddics per a garantir-ne una bona gesti\u00f3-, sin\u00f3 per tal de reduir l\u2019estat social del benestar (serveis socials, educaci\u00f3, sanitat, \u2026), limitar la funci\u00f3 p\u00fablica i afavorir la privatitzaci\u00f3 de la major part dels serveis i prestacions que ara es donen, cap a aquelles grans empreses o monopolis vinculats, en la major part dels casos, a la oligarquia pol\u00edtic-econ\u00f2mica que mana a l\u2019estat espanyol.<\/p>\n<p>Privatitzacions o disminuci\u00f3 de pressupostos que no s\u2019han fet, o es faran, en tots els serveis o institucions, \u00e9s clar que no, nom\u00e9s en aquells que puguin generar beneficis; en canvi aquelles institucions que nom\u00e9s generen despesa \u2013Casa Real, Defensa, \u2026\u2013 o serveis que s\u00f3n deficitaris, seguiran sent pagats \u00edntegrament per l\u2019administraci\u00f3 p\u00fablica a trav\u00e9s dels pressupostos generals de l\u2019estat. En canvi, per exemple, no hi hauran diners per a les pensions \u2013com si els pensionistes no paguessin prou impostos o no s\u2019haguessin pagat ja el dret a cobrar-les-, i si volen una pensi\u00f3 digna hauran de pagar-se-la a trav\u00e9s d\u2019una m\u00fatua privada. Exemples senzills de com \u00e9s de perversa i antisocial l\u2019actual orientaci\u00f3 pol\u00edtica que, els partits que durant 40 anys s\u2019han alternat al govern, estan implementant a l\u2019estat espanyol.<\/p>\n<p>I respecte a la p\u00e8rdua d\u2019autonomia municipal, un exemple clar \u2013entre molts ajuntaments- \u00e9s el de Roquetes. El pressupost de 2017 es va tancar amb un super\u00e0vit de 964.680,12 \u20ac que no podem reinvertir en la millora de serveis ja que, l\u2019Estat, nom\u00e9s ens permet avan\u00e7ar terminis de pagament als bancs. Per\u00f2 tot i haver rebaixat el deute viu fins al 58,25% (el l\u00edmit est\u00e0 al 110%), haver-nos obligat a retallar el pressupost de despeses del 2018 en 495.588,28\u20ac quan segu\u00edem tenint super\u00e0vit, per al 2019 estarem limitats a fer un pressupost de sortida molt per baix de les possibilitats financeres que tenim, i per tant, impossibilitats de millorar els serveis que la nostra ciutadania necessita i que amb els ingressos que tindrem podr\u00edem dur a terme.<\/p>\n<p>Per\u00f2 malgrat tot, no hem perdut la il\u00b7lusi\u00f3 del 78 i seguirem lluitant perqu\u00e8 aquella for\u00e7a transformadora de la nostra societat esdevingui avui, al 2018, el revulsiu necessari per aconseguir que Catalunya sigui un estat independent en forma de rep\u00fablica.<\/p>\n<p>&nbsp;<\/p>\n<p>Article publicat a l&#8217;Ebredigital.cat &#8211; Secci\u00f3 El des\u00e8 mandat &#8211; 05\/09\/2018<\/p>\n","protected":false},"excerpt":{"rendered":"<p>De la il\u00b7lusi\u00f3 transformadora que ten\u00edem a l\u2019any 78 amb les primeres eleccions democr\u00e0tiques als ajuntaments, fins avui, amb la p\u00e8rdua absoluta de l\u2019autonomia municipal a trav\u00e9s de la LO 2\/2012, d\u2019Estabilitat pressupost\u00e0ria i Sostenibilitat Financera, o la posterior Llei de Racionalitzaci\u00f3 i Sostenibilitat de l\u2019Administraci\u00f3 Local que des de l\u2019Estat ens imposen, es pot [&hellip;]<\/p>\n","protected":false},"author":2,"featured_media":989,"comment_status":"closed","ping_status":"closed","sticky":false,"template":"","format":"standard","meta":{"_et_pb_use_builder":"","_et_pb_old_content":"","_et_gb_content_width":"","footnotes":""},"categories":[37],"tags":[],"class_list":["post-1377","post","type-post","status-publish","format-standard","has-post-thumbnail","hentry","category-bloc-de-lalcalde"],"_links":{"self":[{"href":"https:\/\/roquetes.cat\/web\/wp-json\/wp\/v2\/posts\/1377","targetHints":{"allow":["GET"]}}],"collection":[{"href":"https:\/\/roquetes.cat\/web\/wp-json\/wp\/v2\/posts"}],"about":[{"href":"https:\/\/roquetes.cat\/web\/wp-json\/wp\/v2\/types\/post"}],"author":[{"embeddable":true,"href":"https:\/\/roquetes.cat\/web\/wp-json\/wp\/v2\/users\/2"}],"replies":[{"embeddable":true,"href":"https:\/\/roquetes.cat\/web\/wp-json\/wp\/v2\/comments?post=1377"}],"version-history":[{"count":1,"href":"https:\/\/roquetes.cat\/web\/wp-json\/wp\/v2\/posts\/1377\/revisions"}],"predecessor-version":[{"id":1378,"href":"https:\/\/roquetes.cat\/web\/wp-json\/wp\/v2\/posts\/1377\/revisions\/1378"}],"wp:featuredmedia":[{"embeddable":true,"href":"https:\/\/roquetes.cat\/web\/wp-json\/wp\/v2\/media\/989"}],"wp:attachment":[{"href":"https:\/\/roquetes.cat\/web\/wp-json\/wp\/v2\/media?parent=1377"}],"wp:term":[{"taxonomy":"category","embeddable":true,"href":"https:\/\/roquetes.cat\/web\/wp-json\/wp\/v2\/categories?post=1377"},{"taxonomy":"post_tag","embeddable":true,"href":"https:\/\/roquetes.cat\/web\/wp-json\/wp\/v2\/tags?post=1377"}],"curies":[{"name":"wp","href":"https:\/\/api.w.org\/{rel}","templated":true}]}}