{"id":1366,"date":"2017-06-23T14:24:15","date_gmt":"2017-06-23T12:24:15","guid":{"rendered":"https:\/\/roquetes.cat\/web\/?p=1366"},"modified":"2021-07-01T14:24:48","modified_gmt":"2021-07-01T12:24:48","slug":"en-record-de-merce-curto","status":"publish","type":"post","link":"https:\/\/roquetes.cat\/web\/en-record-de-merce-curto\/","title":{"rendered":"En record de Merc\u00e8 Curto"},"content":{"rendered":"<p>El passat dilluns 5 de juny \u00e9s va produir el tr\u00e0gic accident que va ocasionar la mort de la Secret\u00e0ria del nostre ajuntament Merc\u00e8 Curto Baset.<\/p>\n<p>Una mort inesperada, fora de temps, colpidora, en la plenitud de la seva vida i que deixa un buit irreempla\u00e7able en la seva fam\u00edlia, per\u00f2 tamb\u00e9 un lloc molt dif\u00edcil de cobrir al mateix ajuntament de Roquetes on hi treballava des de feia 38 anys. Merc\u00e8 era una persona amb \u00e0nim de superaci\u00f3, de formaci\u00f3 constant, amb voluntat de servei a la ciutat que estimava amb passi\u00f3, i que va saber ocupar indistintament els c\u00e0rrecs d\u2019administrativa, secret\u00e0ria o interventora.<\/p>\n<p>La seva predisposici\u00f3 a qu\u00e8 des de l\u2019ajuntament es continu\u00e9s donant un bon servei, malgrat que en molts moments no es dispos\u00e9s de les persones titulars dels llocs de treball corresponent (secretaria o intervenci\u00f3), feia de Merc\u00e8 una persona insubstitu\u00efble. Ella sempre va acceptar ocupar la vacant, malgrat la responsabilitat i dificultat que comportava, fins i tot amb la formaci\u00f3 continuada que aquesta responsabilitat duia aparellada i, per tant, el despla\u00e7ament i assist\u00e8ncia als cursos de formaci\u00f3 corresponents. Hem deia, pocs dies abans de la seva mort, quan li vaig proposar d\u2019incorporar-se al lloc d\u2019interventora de l\u2019ajuntament: <em>\u201c&#8230;. la veritat \u00e9s que ja no tinc massa ganes de tornar a fer cursos de formaci\u00f3 i tindre que anar-me\u2019n un altra vegada cap aqu\u00ed i cap all\u00e0, per\u00f2 bueno, si no hi ha m\u00e9s remei ho far\u00e9\u201d<\/em>. Aix\u00ed ho va fer i aix\u00ed ho ha fet fins l\u2019\u00faltim dia, per aix\u00f2, recordant aquestes paraules seves, vull agrair-li p\u00fablicament tot el servei que ha prestat a la nostra ciutat.<\/p>\n<p>Coneixia a Merc\u00e8 des de feia molts anys, a la seva fam\u00edlia, per\u00f2 va ser a trav\u00e9s de la meva entrada a l\u2019ajuntament com a regidor primer, i com alcalde des de fa uns anys, que vam anar enfortint una amistat que ha perdurat fins el tr\u00e0gic dilluns que, malauradament, sempre quedar\u00e0 en la meva mem\u00f2ria.<\/p>\n<p>Tamb\u00e9 era la Presidenta de la delegaci\u00f3 de la Lliga contra el C\u00e0ncer de Roquetes, entitat sense \u00e0nim de lucre que est\u00e0 duent a terme una important\u00edssima tasca de suport i recolzament a totes aquelles persones afectades per aquesta malaltia. El passat 21 d\u2019abril d\u00faiem a terme el sopar solidari d\u2019aquest any i Merc\u00e8, com a Presidenta, no nom\u00e9s participava en la organitzaci\u00f3 des de fa molts anys sin\u00f3 qu\u00e8, a m\u00e9s a m\u00e9s de coordinar l\u2019acte en feia la presentaci\u00f3. Sense cap dubte, tamb\u00e9 a la Lliga contra el C\u00e0ncer, es notar\u00e0 la seva falta.<\/p>\n<p>Per\u00f2 la vida continua, i la seva fam\u00edlia malgrat l\u2019immens dolor que aquesta abs\u00e8ncia ha provocat, ha de continuar vivint i fer del seu record un est\u00edmul per a la superaci\u00f3 d\u2019aquesta insubstitu\u00efble i dolorosa p\u00e8rdua.<\/p>\n<p>Merc\u00e8, una abra\u00e7ada per sempre!!!!<\/p>\n<p>Paco Gas<\/p>\n<p>Alcalde de Roquetes<\/p>\n","protected":false},"excerpt":{"rendered":"<p>El passat dilluns 5 de juny \u00e9s va produir el tr\u00e0gic accident que va ocasionar la mort de la Secret\u00e0ria del nostre ajuntament Merc\u00e8 Curto Baset. Una mort inesperada, fora de temps, colpidora, en la plenitud de la seva vida i que deixa un buit irreempla\u00e7able en la seva fam\u00edlia, per\u00f2 tamb\u00e9 un lloc molt [&hellip;]<\/p>\n","protected":false},"author":2,"featured_media":989,"comment_status":"closed","ping_status":"closed","sticky":false,"template":"","format":"standard","meta":{"_et_pb_use_builder":"","_et_pb_old_content":"","_et_gb_content_width":"","footnotes":""},"categories":[37],"tags":[],"class_list":["post-1366","post","type-post","status-publish","format-standard","has-post-thumbnail","hentry","category-bloc-de-lalcalde"],"_links":{"self":[{"href":"https:\/\/roquetes.cat\/web\/wp-json\/wp\/v2\/posts\/1366","targetHints":{"allow":["GET"]}}],"collection":[{"href":"https:\/\/roquetes.cat\/web\/wp-json\/wp\/v2\/posts"}],"about":[{"href":"https:\/\/roquetes.cat\/web\/wp-json\/wp\/v2\/types\/post"}],"author":[{"embeddable":true,"href":"https:\/\/roquetes.cat\/web\/wp-json\/wp\/v2\/users\/2"}],"replies":[{"embeddable":true,"href":"https:\/\/roquetes.cat\/web\/wp-json\/wp\/v2\/comments?post=1366"}],"version-history":[{"count":1,"href":"https:\/\/roquetes.cat\/web\/wp-json\/wp\/v2\/posts\/1366\/revisions"}],"predecessor-version":[{"id":1367,"href":"https:\/\/roquetes.cat\/web\/wp-json\/wp\/v2\/posts\/1366\/revisions\/1367"}],"wp:featuredmedia":[{"embeddable":true,"href":"https:\/\/roquetes.cat\/web\/wp-json\/wp\/v2\/media\/989"}],"wp:attachment":[{"href":"https:\/\/roquetes.cat\/web\/wp-json\/wp\/v2\/media?parent=1366"}],"wp:term":[{"taxonomy":"category","embeddable":true,"href":"https:\/\/roquetes.cat\/web\/wp-json\/wp\/v2\/categories?post=1366"},{"taxonomy":"post_tag","embeddable":true,"href":"https:\/\/roquetes.cat\/web\/wp-json\/wp\/v2\/tags?post=1366"}],"curies":[{"name":"wp","href":"https:\/\/api.w.org\/{rel}","templated":true}]}}