{"id":1362,"date":"2015-09-21T14:22:52","date_gmt":"2015-09-21T12:22:52","guid":{"rendered":"https:\/\/roquetes.cat\/web\/?p=1362"},"modified":"2021-07-01T14:23:28","modified_gmt":"2021-07-01T12:23:28","slug":"30-dies-dabsencia","status":"publish","type":"post","link":"https:\/\/roquetes.cat\/web\/30-dies-dabsencia\/","title":{"rendered":"30 dies d\u2019abs\u00e8ncia"},"content":{"rendered":"<div>\n<article><strong>30 dies d&#8217;abs\u00e8ncia<\/strong><\/p>\n<p>El passat dijous 17 de setembre vaig rebre l&#8217;alta m\u00e8dica que em va permetre reincorporar a la feina de l&#8217;ajuntament despr\u00e9s de 30 dies de baixa. Una llarga abs\u00e8ncia -en 8 anys a l&#8217;alcaldia mai havia estat m\u00e9s de 5 dies sense acudir a l&#8217;ajuntament- deguda a una operaci\u00f3 de c\u00e0ncer de c\u00f2lon que em va ser diagnosticada a mitjans del mes de juliol. Han estat dies dif\u00edcils per\u00f2, avui ja semblen superats. No obstant, ara haur\u00e9 de continuar amb una s\u00e8rie de controls m\u00e8dics i el tractament adequat per poder considerar superada, o almenys controlada, aquesta malaltia.<\/p>\n<p>No ha estat f\u00e0cil, per a ning\u00fa ho \u00e9s, primer pel cop dur que reps quan et comuniquen la malaltia que tens, i despr\u00e9s per la recuperaci\u00f3 de l&#8217;operaci\u00f3. No es f\u00e0cil, per\u00f2 en el meu cas veig possible superar-ho; per un costat, pels aven\u00e7os de la medicina i, sobretot, haver diagnosticat el tumor en una fase inicial; i per l&#8217;altre, per l&#8217;ajuda i la companyia de la fam\u00edlia, i tamb\u00e9, per les mostres constants de suport d&#8217;amigues i amics i de molta m\u00e9s gent.<\/p>\n<p>\u00c9s per aix\u00f2 que amb aquest escrit vull agrair a tothom el suport i les mostres de solidaritat que heu tingut amb mi, perqu\u00e8 han estat un refor\u00e7 important a les ganes de superar una situaci\u00f3 d&#8217;aquestes caracter\u00edstiques. Una solidaritat que vull fer extensible a totes aquelles persones, i els seus familiars, que d&#8217;una manera o altra, amb un diagn\u00f2stic o un altre, tamb\u00e9 pateixen c\u00e0ncer.<\/p>\n<p>Tamb\u00e9 dir-vos que, en tot aquest temps d&#8217;abs\u00e8ncia meva, l&#8217;ajuntament ha estat perfectament dirigit i gestionat pels companys de l&#8217;equip de govern als quals tamb\u00e9 vull agrair el seu treball m\u00e9s enll\u00e0 de la responsabilitat que cadasc\u00fa tenim. A totes i tots, aix\u00ed com a les treballadores i treballadors de l&#8217;ajuntament, moltes gr\u00e0cies.<\/p>\n<p>I res m\u00e9s, torno a estar a la seva disposici\u00f3 en tot all\u00f2 que els pugui ajudar, aclarir o, simplement escoltar, respecte a les obligacions que tinc com alcalde de la ciutat de Roquetes.<\/p>\n<p>Paco Gas<br \/>\nAlcalde de Roquetes<\/p>\n<\/article>\n<\/div>\n","protected":false},"excerpt":{"rendered":"<p>30 dies d&#8217;abs\u00e8ncia El passat dijous 17 de setembre vaig rebre l&#8217;alta m\u00e8dica que em va permetre reincorporar a la feina de l&#8217;ajuntament despr\u00e9s de 30 dies de baixa. Una llarga abs\u00e8ncia -en 8 anys a l&#8217;alcaldia mai havia estat m\u00e9s de 5 dies sense acudir a l&#8217;ajuntament- deguda a una operaci\u00f3 de c\u00e0ncer de [&hellip;]<\/p>\n","protected":false},"author":2,"featured_media":989,"comment_status":"closed","ping_status":"closed","sticky":false,"template":"","format":"standard","meta":{"_et_pb_use_builder":"","_et_pb_old_content":"","_et_gb_content_width":"","footnotes":""},"categories":[37],"tags":[],"class_list":["post-1362","post","type-post","status-publish","format-standard","has-post-thumbnail","hentry","category-bloc-de-lalcalde"],"_links":{"self":[{"href":"https:\/\/roquetes.cat\/web\/wp-json\/wp\/v2\/posts\/1362","targetHints":{"allow":["GET"]}}],"collection":[{"href":"https:\/\/roquetes.cat\/web\/wp-json\/wp\/v2\/posts"}],"about":[{"href":"https:\/\/roquetes.cat\/web\/wp-json\/wp\/v2\/types\/post"}],"author":[{"embeddable":true,"href":"https:\/\/roquetes.cat\/web\/wp-json\/wp\/v2\/users\/2"}],"replies":[{"embeddable":true,"href":"https:\/\/roquetes.cat\/web\/wp-json\/wp\/v2\/comments?post=1362"}],"version-history":[{"count":1,"href":"https:\/\/roquetes.cat\/web\/wp-json\/wp\/v2\/posts\/1362\/revisions"}],"predecessor-version":[{"id":1363,"href":"https:\/\/roquetes.cat\/web\/wp-json\/wp\/v2\/posts\/1362\/revisions\/1363"}],"wp:featuredmedia":[{"embeddable":true,"href":"https:\/\/roquetes.cat\/web\/wp-json\/wp\/v2\/media\/989"}],"wp:attachment":[{"href":"https:\/\/roquetes.cat\/web\/wp-json\/wp\/v2\/media?parent=1362"}],"wp:term":[{"taxonomy":"category","embeddable":true,"href":"https:\/\/roquetes.cat\/web\/wp-json\/wp\/v2\/categories?post=1362"},{"taxonomy":"post_tag","embeddable":true,"href":"https:\/\/roquetes.cat\/web\/wp-json\/wp\/v2\/tags?post=1362"}],"curies":[{"name":"wp","href":"https:\/\/api.w.org\/{rel}","templated":true}]}}