{"id":13528,"date":"2024-09-23T09:00:16","date_gmt":"2024-09-23T07:00:16","guid":{"rendered":"https:\/\/roquetes.cat\/web\/?p=13528"},"modified":"2024-10-28T15:33:43","modified_gmt":"2024-10-28T13:33:43","slug":"arriben-les-festes-de-sant-miquel-a-la-raval-nova","status":"publish","type":"post","link":"https:\/\/roquetes.cat\/web\/arriben-les-festes-de-sant-miquel-a-la-raval-nova\/","title":{"rendered":"Arriben les Festes de Sant Miquel, a la Raval Nova"},"content":{"rendered":"<p><iframe title=\"YouTube video player\" data-src=\"https:\/\/www.youtube.com\/embed\/H7rVcxfWrOs?si=wwCBKld8AbBxgiyE\" width=\"560\" height=\"315\" frameborder=\"0\" allowfullscreen=\"allowfullscreen\" src=\"data:image\/svg+xml;base64,PHN2ZyB3aWR0aD0iMSIgaGVpZ2h0PSIxIiB4bWxucz0iaHR0cDovL3d3dy53My5vcmcvMjAwMC9zdmciPjwvc3ZnPg==\" class=\"lazyload\" data-load-mode=\"1\"><\/iframe><\/p>\n<p><iframe title=\"YouTube video player\" data-src=\"https:\/\/www.youtube.com\/embed\/byrtD8NUk3k?si=f_YKS2-wJOIAN1U1\" width=\"560\" height=\"315\" frameborder=\"0\" allowfullscreen=\"allowfullscreen\" src=\"data:image\/svg+xml;base64,PHN2ZyB3aWR0aD0iMSIgaGVpZ2h0PSIxIiB4bWxucz0iaHR0cDovL3d3dy53My5vcmcvMjAwMC9zdmciPjwvc3ZnPg==\" class=\"lazyload\" data-load-mode=\"1\"><\/iframe><\/p>\n<p><iframe title=\"YouTube video player\" data-src=\"https:\/\/www.youtube.com\/embed\/otQ1Bq6_W4s?si=wtkBU90tnKldLtqG\" width=\"560\" height=\"315\" frameborder=\"0\" allowfullscreen=\"allowfullscreen\" src=\"data:image\/svg+xml;base64,PHN2ZyB3aWR0aD0iMSIgaGVpZ2h0PSIxIiB4bWxucz0iaHR0cDovL3d3dy53My5vcmcvMjAwMC9zdmciPjwvc3ZnPg==\" class=\"lazyload\" data-load-mode=\"1\"><\/iframe><\/p>\n<h2>El barri roquetenc viur\u00e0 tres dies de festa a partir d\u2019aquest divendres 27 de setembre, amb una vintena d\u2019actes i diversi\u00f3 per a tots els p\u00fablics.<\/h2>\n<p>La <strong>Raval Nova viur\u00e0 les Festes de Sant Miquel,<\/strong> des d\u2019aquest <strong>divendres 27 de setembre fins el diumenge dia 29. <\/strong>El <strong>Patronat de Festes de Roquetes,<\/strong> amb la col\u00b7laboraci\u00f3 de l\u2019Ajuntament de Roquetes, ha dissenyat un extens programa amb una vintena d\u2019actes, que asseguraran la diversi\u00f3 i gresca per a tots els p\u00fablics.<\/p>\n<p>M\u00fasica, menjades populars, concursos i actes religiosos ompliran els carrers i pla\u00e7a del barri roquetenc al llarg de tres dies, on tampoc faltaran la primera prova de penyes de cara el concurs de 2025, aix\u00ed com actuacions i servei de barra.<\/p>\n<p>Consulta a continuaci\u00f3 el programa complet d\u2019activitats:<\/p>\n<p><img decoding=\"async\" class=\"alignnone size-full wp-image-13530 lazyload\" data-src=\"https:\/\/roquetes.cat\/web\/wp-content\/uploads\/2024\/09\/Cartell-Festes-Sant-Miquel-Raval-Nova-2024-1.jpg\" alt=\"\" width=\"1080\" height=\"1350\" data-srcset=\"https:\/\/roquetes.cat\/web\/wp-content\/uploads\/2024\/09\/Cartell-Festes-Sant-Miquel-Raval-Nova-2024-1.jpg 1080w, https:\/\/roquetes.cat\/web\/wp-content\/uploads\/2024\/09\/Cartell-Festes-Sant-Miquel-Raval-Nova-2024-1-980x1225.jpg 980w, https:\/\/roquetes.cat\/web\/wp-content\/uploads\/2024\/09\/Cartell-Festes-Sant-Miquel-Raval-Nova-2024-1-480x600.jpg 480w\" data-sizes=\"(min-width: 0px) and (max-width: 480px) 480px, (min-width: 481px) and (max-width: 980px) 980px, (min-width: 981px) 1080px, 100vw\" src=\"data:image\/svg+xml;base64,PHN2ZyB3aWR0aD0iMSIgaGVpZ2h0PSIxIiB4bWxucz0iaHR0cDovL3d3dy53My5vcmcvMjAwMC9zdmciPjwvc3ZnPg==\" style=\"--smush-placeholder-width: 1080px; --smush-placeholder-aspect-ratio: 1080\/1350;\" \/><\/p>\n","protected":false},"excerpt":{"rendered":"<p>El barri roquetenc viur\u00e0 tres dies de festa a partir d\u2019aquest divendres 27 de setembre, amb una vintena d\u2019actes i diversi\u00f3 per a tots els p\u00fablics. La Raval Nova viur\u00e0 les Festes de Sant Miquel, des d\u2019aquest divendres 27 de setembre fins el diumenge dia 29. El Patronat de Festes de Roquetes, amb la col\u00b7laboraci\u00f3 [&hellip;]<\/p>\n","protected":false},"author":6,"featured_media":13529,"comment_status":"closed","ping_status":"closed","sticky":false,"template":"","format":"standard","meta":{"_et_pb_use_builder":"","_et_pb_old_content":"","_et_gb_content_width":"","footnotes":""},"categories":[20,34],"tags":[],"class_list":["post-13528","post","type-post","status-publish","format-standard","has-post-thumbnail","hentry","category-festes","category-portada"],"_links":{"self":[{"href":"https:\/\/roquetes.cat\/web\/wp-json\/wp\/v2\/posts\/13528","targetHints":{"allow":["GET"]}}],"collection":[{"href":"https:\/\/roquetes.cat\/web\/wp-json\/wp\/v2\/posts"}],"about":[{"href":"https:\/\/roquetes.cat\/web\/wp-json\/wp\/v2\/types\/post"}],"author":[{"embeddable":true,"href":"https:\/\/roquetes.cat\/web\/wp-json\/wp\/v2\/users\/6"}],"replies":[{"embeddable":true,"href":"https:\/\/roquetes.cat\/web\/wp-json\/wp\/v2\/comments?post=13528"}],"version-history":[{"count":2,"href":"https:\/\/roquetes.cat\/web\/wp-json\/wp\/v2\/posts\/13528\/revisions"}],"predecessor-version":[{"id":13767,"href":"https:\/\/roquetes.cat\/web\/wp-json\/wp\/v2\/posts\/13528\/revisions\/13767"}],"wp:featuredmedia":[{"embeddable":true,"href":"https:\/\/roquetes.cat\/web\/wp-json\/wp\/v2\/media\/13529"}],"wp:attachment":[{"href":"https:\/\/roquetes.cat\/web\/wp-json\/wp\/v2\/media?parent=13528"}],"wp:term":[{"taxonomy":"category","embeddable":true,"href":"https:\/\/roquetes.cat\/web\/wp-json\/wp\/v2\/categories?post=13528"},{"taxonomy":"post_tag","embeddable":true,"href":"https:\/\/roquetes.cat\/web\/wp-json\/wp\/v2\/tags?post=13528"}],"curies":[{"name":"wp","href":"https:\/\/api.w.org\/{rel}","templated":true}]}}