{"id":1344,"date":"2013-03-19T14:15:02","date_gmt":"2013-03-19T12:15:02","guid":{"rendered":"https:\/\/roquetes.cat\/web\/?p=1344"},"modified":"2021-07-01T14:15:33","modified_gmt":"2021-07-01T12:15:33","slug":"tv3-i-roquetes","status":"publish","type":"post","link":"https:\/\/roquetes.cat\/web\/tv3-i-roquetes\/","title":{"rendered":"TV3 i Roquetes"},"content":{"rendered":"<p>\u201cL\u2019alegria a casa dels pobres dura poc\u201d. Una frase feta que molt b\u00e9 es pot aplicar a les Terres de l\u2019Ebre amb refer\u00e8ncia al desplegament dels diferents\u00a0 serveis territorials que s\u2019han anat\u00a0 implementant en el temps m\u00e9s enll\u00e0 dels l\u00edmits estrictament provincials. Aix\u00ed pensem a l\u2019Ebre sobre aquells fets que, en qualsevol altra part del nostre pa\u00eds (Catalunya, per si alg\u00fa dubta on viu) ning\u00fa s\u2019atreviria a q\u00fcestionar i en canvi aqu\u00ed, com que no som prov\u00edncia, els qui governen no tenen cap impediment per retirar aquells serveis que en qualsevol de les capitals de les 4 prov\u00edncies no s\u2019atrevirien a tocar.<\/p>\n<p>Em refereixo, en aquest cas al tancament de\u00a0 la delegaci\u00f3 de TV3 a les Terres de l\u2019Ebre, i m\u00e9s en concret a Roquetes, ra\u00f3 de m\u00e9s per rebel\u2022lar-me contra un altra injust\u00edcia, a les nostres terres i als professionals que durant molts anys han desenvolupat el seu treball de forma honesta, amb gran professionalitat, amb identitat ebrenca i, m\u00e9s d\u2019un cop, de manera\u00a0 altruista. Per\u00f2 tamb\u00e9 un cop molt dur per a l\u2019economia d\u2019uns professionals que van invertir els seus diners per un projecte de TV nacional des del seu \u00e0mbit local, mitjan\u00e7ant la productora Sat\u00e8l\u2022litis SLU dirigida per Robert Guinart, i que ara han estat tra\u00efts amb la revocaci\u00f3 per part del govern de la Corporaci\u00f3 d\u2019una concessi\u00f3 guanyada en concurs p\u00fablic.<\/p>\n<p>La p\u00e8rdua d\u2019aquesta delegaci\u00f3, tres anys despr\u00e9s de la inauguraci\u00f3 a Roquetes ens retorna al passat, a l\u2019estructura centralista, i \u00e9s igual que aquesta sigui nacional, provincial o territorial. Allunya els professionals de la noticia trencant el model de proximitat de manera que repercutir\u00e0 en la qualitat i l\u2019oferta dels serveis informatius que, fins ara, oferia TV3 amb cobertura de tot el territori i\u00a0 informaci\u00f3 de proximitat. Si permetem el desmantellament de la TVC ara, potser no serem a temps de recuperar-la. Perdrem llocs de treball, per\u00f2 tamb\u00e9 es perdr\u00e0 amb llengua, cultura, identitat, ind\u00fastria audiovisual i cultural i la possibilitat d\u2019avan\u00e7ar cap al nostre coneixement i alliberament com a pa\u00eds.<\/p>\n<p>Sempre he cregut en el model descentralitzat i de servei de la Corporaci\u00f3 Catalana de Mitjans Audiovisuals (CCMA) i s\u00f3c conscient que els mitjans de comunicaci\u00f3 p\u00fablics s\u00f3n indispensables per mantenir un imaginari col\u2022lectiu de pa\u00eds, la seva cohesi\u00f3 social, la divulgaci\u00f3 i defensa de la llengua catalana,\u00a0 aix\u00ed com per a la creaci\u00f3 d\u2019un Estat propi. Un sistema comunicatiu catal\u00e0 \u00fanic en el m\u00f3n per la seva riquesa, diversitat i pluralitat i que hem de defensar amb totes les nostres forces.<\/p>\n<p>\u00c9s una mesura que, si no l\u2019aturem, incrementar\u00e0 el desmantellament\u00a0 de la televisi\u00f3 p\u00fablica de Catalunya,\u00a0 una de les estructures fonamentals i que m\u00e9s necessitem, amb tota la seva riquesa i diversitat territorial, per\u00a0 aconseguir que Catalunya esdevingui\u00a0 un nou estat d\u2019Europa. Per\u00f2 \u00e9s que per a les Terres de l\u2019Ebre, una vegada m\u00e9s, aquesta mesura suposaria (vull pensar que ho podrem aturar) menys poder pol\u00edtic respecte el centralisme provincial,\u00a0 i la p\u00e8rdua de projecci\u00f3 i refer\u00e8ncia de la identitat ebrenca al mitj\u00e0 de difusi\u00f3 m\u00e9s important que hi ha a Catalunya.\u00a0 TV3 \u201cla nostra\u201d, ja no ho ser\u00e0 tant si es tanca la delegaci\u00f3 a les Terres de l\u2019Ebre que avui, encara, hi ha a Roquetes.<\/p>\n<p>El vostre alcalde<\/p>\n","protected":false},"excerpt":{"rendered":"<p>\u201cL\u2019alegria a casa dels pobres dura poc\u201d. Una frase feta que molt b\u00e9 es pot aplicar a les Terres de l\u2019Ebre amb refer\u00e8ncia al desplegament dels diferents\u00a0 serveis territorials que s\u2019han anat\u00a0 implementant en el temps m\u00e9s enll\u00e0 dels l\u00edmits estrictament provincials. Aix\u00ed pensem a l\u2019Ebre sobre aquells fets que, en qualsevol altra part del [&hellip;]<\/p>\n","protected":false},"author":2,"featured_media":989,"comment_status":"closed","ping_status":"closed","sticky":false,"template":"","format":"standard","meta":{"_et_pb_use_builder":"","_et_pb_old_content":"","_et_gb_content_width":"","footnotes":""},"categories":[37],"tags":[],"class_list":["post-1344","post","type-post","status-publish","format-standard","has-post-thumbnail","hentry","category-bloc-de-lalcalde"],"_links":{"self":[{"href":"https:\/\/roquetes.cat\/web\/wp-json\/wp\/v2\/posts\/1344","targetHints":{"allow":["GET"]}}],"collection":[{"href":"https:\/\/roquetes.cat\/web\/wp-json\/wp\/v2\/posts"}],"about":[{"href":"https:\/\/roquetes.cat\/web\/wp-json\/wp\/v2\/types\/post"}],"author":[{"embeddable":true,"href":"https:\/\/roquetes.cat\/web\/wp-json\/wp\/v2\/users\/2"}],"replies":[{"embeddable":true,"href":"https:\/\/roquetes.cat\/web\/wp-json\/wp\/v2\/comments?post=1344"}],"version-history":[{"count":1,"href":"https:\/\/roquetes.cat\/web\/wp-json\/wp\/v2\/posts\/1344\/revisions"}],"predecessor-version":[{"id":1345,"href":"https:\/\/roquetes.cat\/web\/wp-json\/wp\/v2\/posts\/1344\/revisions\/1345"}],"wp:featuredmedia":[{"embeddable":true,"href":"https:\/\/roquetes.cat\/web\/wp-json\/wp\/v2\/media\/989"}],"wp:attachment":[{"href":"https:\/\/roquetes.cat\/web\/wp-json\/wp\/v2\/media?parent=1344"}],"wp:term":[{"taxonomy":"category","embeddable":true,"href":"https:\/\/roquetes.cat\/web\/wp-json\/wp\/v2\/categories?post=1344"},{"taxonomy":"post_tag","embeddable":true,"href":"https:\/\/roquetes.cat\/web\/wp-json\/wp\/v2\/tags?post=1344"}],"curies":[{"name":"wp","href":"https:\/\/api.w.org\/{rel}","templated":true}]}}