{"id":13363,"date":"2024-09-03T15:23:39","date_gmt":"2024-09-03T13:23:39","guid":{"rendered":"https:\/\/roquetes.cat\/web\/?p=13363"},"modified":"2024-09-03T15:28:46","modified_gmt":"2024-09-03T13:28:46","slug":"lajuntament-signa-un-nou-conveni-de-collaboracio-amb-caritas-roquetes","status":"publish","type":"post","link":"https:\/\/roquetes.cat\/web\/lajuntament-signa-un-nou-conveni-de-collaboracio-amb-caritas-roquetes\/","title":{"rendered":"L\u2019Ajuntament signa un nou conveni de col\u00b7laboraci\u00f3 amb C\u00e0ritas Roquetes"},"content":{"rendered":"<h2>L\u2019alcalde de Roquetes, Ivan Garcia, i el director de l\u2019entitat al municipi, Pepe Curto, segellen l\u2019acord, per ajudar persones en situaci\u00f3 de vulnerabilitat.<\/h2>\n<p>L\u2019Ajuntament de Roquetes ha signat un nou conveni de col\u00b7laboraci\u00f3 amb <strong>C\u00e0ritas Roquetes, <\/strong>amb l\u2019objectiu de <strong>garantir l\u2019acc\u00e9s a les necessitats b\u00e0siques al conjunt de persones del municipi <\/strong>que ho necessiten. L\u2019alcalde de la ciutat, <strong>Ivan Garcia,<\/strong> i el director de la secci\u00f3 local de l\u2019entitat, <strong>Pepe Curto,<\/strong> han segellat l\u2019acord, acompanyats per la regidora de Servei a les Persones, <strong>Cinta Garcia.<\/strong><\/p>\n<p>L\u2019atorgament per primer cop d\u2019aquesta aportaci\u00f3 econ\u00f2mica contribuir\u00e0 a l\u2019ajuda de persones en situaci\u00f3 de vulnerabilitat o de risc d\u2019exclusi\u00f3 social, a trav\u00e9s de la tasca solid\u00e0ria i ben\u00e8fica que realitza l\u2019organitzaci\u00f3, sense \u00e0nim de lucre. D\u2019aquesta manera, ofereix la cobertura b\u00e0sica d\u2019alimentaci\u00f3 a persones i fam\u00edlies, a m\u00e9s de prestar servei assistencial en els casos que ho requereixen.<\/p>\n<p><strong>Una gran labor social a la ciutat<\/strong><\/p>\n<p>Segons les \u00faltimes dades, <strong>C\u00e0ritas Roquetes<\/strong> <strong>at\u00e9n de mitjana 50 fam\u00edlies a la ciutat cada 3 setmanes. <\/strong>En total, han estat prop de 600 persones les que han rebut els serveis de l\u2019entitat al llarg dels \u00faltims quatre anys, a trav\u00e9s d\u2019\u00e0pats, roba o material escolar.<\/p>\n<p>L\u2019organitzaci\u00f3, molt activa a escala local, \u00e9s la benefici\u00e0ria de les recollides d\u2019aliments que tenen lloc en les <strong>Ofrenes de Flors i Fruits de les Festes Majors de Roquetes i la Ravaleta.<\/strong> Entre tots dos actes, enguany s\u2019han recollit m\u00e9s de 2.000 quilos de menjar, gr\u00e0cies a la contribuci\u00f3 destacada dels ve\u00efns, ve\u00efnes i entitats del municipi.<\/p>\n<p>Aix\u00ed mateix, <strong>C\u00e0ritas Roquetes<\/strong> tamb\u00e9 realitza la campanya \u2018Cap nen sense joguina\u2019, coincidint amb les dates del Nadal, i lidera la trobada multicultural de Festes a l\u2019Hort de Cruells, entre d\u2019altres dels projectes m\u00e9s destacats que duu a terme al llarg de l\u2019any a la ciutat.<\/p>\n<p><img decoding=\"async\" class=\"alignnone size-full wp-image-13365 lazyload\" data-src=\"https:\/\/roquetes.cat\/web\/wp-content\/uploads\/2024\/09\/AU8A7243-scaled.jpg\" alt=\"\" width=\"2560\" height=\"1707\" data-srcset=\"https:\/\/roquetes.cat\/web\/wp-content\/uploads\/2024\/09\/AU8A7243-scaled.jpg 2560w, https:\/\/roquetes.cat\/web\/wp-content\/uploads\/2024\/09\/AU8A7243-1280x854.jpg 1280w, https:\/\/roquetes.cat\/web\/wp-content\/uploads\/2024\/09\/AU8A7243-980x653.jpg 980w, https:\/\/roquetes.cat\/web\/wp-content\/uploads\/2024\/09\/AU8A7243-480x320.jpg 480w\" data-sizes=\"(min-width: 0px) and (max-width: 480px) 480px, (min-width: 481px) and (max-width: 980px) 980px, (min-width: 981px) and (max-width: 1280px) 1280px, (min-width: 1281px) 2560px, 100vw\" src=\"data:image\/svg+xml;base64,PHN2ZyB3aWR0aD0iMSIgaGVpZ2h0PSIxIiB4bWxucz0iaHR0cDovL3d3dy53My5vcmcvMjAwMC9zdmciPjwvc3ZnPg==\" style=\"--smush-placeholder-width: 2560px; --smush-placeholder-aspect-ratio: 2560\/1707;\" \/><\/p>\n","protected":false},"excerpt":{"rendered":"<p>L\u2019alcalde de Roquetes, Ivan Garcia, i el director de l\u2019entitat al municipi, Pepe Curto, segellen l\u2019acord, per ajudar persones en situaci\u00f3 de vulnerabilitat. L\u2019Ajuntament de Roquetes ha signat un nou conveni de col\u00b7laboraci\u00f3 amb C\u00e0ritas Roquetes, amb l\u2019objectiu de garantir l\u2019acc\u00e9s a les necessitats b\u00e0siques al conjunt de persones del municipi que ho necessiten. L\u2019alcalde [&hellip;]<\/p>\n","protected":false},"author":6,"featured_media":13364,"comment_status":"closed","ping_status":"closed","sticky":false,"template":"","format":"standard","meta":{"_et_pb_use_builder":"","_et_pb_old_content":"","_et_gb_content_width":"","footnotes":""},"categories":[43,34],"tags":[],"class_list":["post-13363","post","type-post","status-publish","format-standard","has-post-thumbnail","hentry","category-igualtat","category-portada"],"_links":{"self":[{"href":"https:\/\/roquetes.cat\/web\/wp-json\/wp\/v2\/posts\/13363","targetHints":{"allow":["GET"]}}],"collection":[{"href":"https:\/\/roquetes.cat\/web\/wp-json\/wp\/v2\/posts"}],"about":[{"href":"https:\/\/roquetes.cat\/web\/wp-json\/wp\/v2\/types\/post"}],"author":[{"embeddable":true,"href":"https:\/\/roquetes.cat\/web\/wp-json\/wp\/v2\/users\/6"}],"replies":[{"embeddable":true,"href":"https:\/\/roquetes.cat\/web\/wp-json\/wp\/v2\/comments?post=13363"}],"version-history":[{"count":3,"href":"https:\/\/roquetes.cat\/web\/wp-json\/wp\/v2\/posts\/13363\/revisions"}],"predecessor-version":[{"id":13368,"href":"https:\/\/roquetes.cat\/web\/wp-json\/wp\/v2\/posts\/13363\/revisions\/13368"}],"wp:featuredmedia":[{"embeddable":true,"href":"https:\/\/roquetes.cat\/web\/wp-json\/wp\/v2\/media\/13364"}],"wp:attachment":[{"href":"https:\/\/roquetes.cat\/web\/wp-json\/wp\/v2\/media?parent=13363"}],"wp:term":[{"taxonomy":"category","embeddable":true,"href":"https:\/\/roquetes.cat\/web\/wp-json\/wp\/v2\/categories?post=13363"},{"taxonomy":"post_tag","embeddable":true,"href":"https:\/\/roquetes.cat\/web\/wp-json\/wp\/v2\/tags?post=13363"}],"curies":[{"name":"wp","href":"https:\/\/api.w.org\/{rel}","templated":true}]}}