{"id":1326,"date":"2010-06-21T14:07:14","date_gmt":"2010-06-21T12:07:14","guid":{"rendered":"https:\/\/roquetes.cat\/web\/?p=1326"},"modified":"2021-07-01T14:07:58","modified_gmt":"2021-07-01T12:07:58","slug":"pressupost-2010","status":"publish","type":"post","link":"https:\/\/roquetes.cat\/web\/pressupost-2010\/","title":{"rendered":"Pressupost 2010"},"content":{"rendered":"<p>Aquest mes de juny hem aprovat el pressupost de l\u2019Ajuntament per a l\u2019any 2010. Un pressupost que ascendeix, tant en els cap\u00edtols de despeses com en els d&#8217;ingressos, a 8.465.571,62 \u20ac, i que representa una disminuci\u00f3 del 15% respecte el pressupost inicialment aprovat l\u2019any 2009.<\/p>\n<p>Per\u00f2 \u00e9s tamb\u00e9 un pressupost elaborat en un context dif\u00edcil, i que est\u00e0 condicionat pel desenvolupament d\u2019una crisi econ\u00f2mica i financera de car\u00e0cter mundial que afecta de forma directa el nostre pa\u00eds en general, i a la nostra ciutadania en particular amb la disminuci\u00f3 del poder adquisitiu o la destrucci\u00f3 de llocs de treball.<\/p>\n<p>Crisi, que ha provocat la disminuci\u00f3 dels ingressos, la qual cosa ha for\u00e7at la reducci\u00f3 del nou pressupost, per\u00f2 per altra banda hem mantingut la voluntat de continuar amb una pol\u00edtica social adequada a les necessitats de la nostra poblaci\u00f3, al manteniment de plantilla del personal funcionari i laboral de l\u2019Ajuntament i la creaci\u00f3, mitjan\u00e7ant plans d\u2019ocupaci\u00f3 o inversions en obra p\u00fablica, de nous llocs de treball a Roquetes per tal de fomentar ocupaci\u00f3 i contrarestar el context de crisi econ\u00f2mica actual.<\/p>\n<p>Un altre aspecte al que cal referir-me \u00e9s al retard en la presentaci\u00f3, per a la seva aprovaci\u00f3. El motiu principal s\u2019ha degut a qu\u00e8 la confirmaci\u00f3 de la subvenci\u00f3 que, des del Consell Catal\u00e0 de l\u2019Esport, ens atorgaran a Roquetes amb motiu de la construcci\u00f3 del nou Pavell\u00f3 Poliesportiu \u2013que inaugurarem aquest proper mes- no ha estat confirmada fins el mes de maig. Un retard plenament justificat tenint en compte la import\u00e0ncia econ\u00f2mica de la subvenci\u00f3 que \u00e9s de 840.000\u20ac.<\/p>\n<p>Un pressupost que recull la major part de les necessitats, demandes i reivindicacions de la nostra ciutadania, que corregeix els d\u00e8ficits d\u2019infraestructures i equipaments del nostre municipi, i a la vegada, mostra la clara voluntat de l\u2019equip de govern de consolidar les millores, i ampliar-les si es possible, de les pol\u00edtiques socials i de suport al manteniment de l\u2019ampli i divers teixit associatiu de Roquetes. Tot aix\u00f2 ser\u00e0 possible dur-ho a terme gr\u00e0cies als vots favorables dels grups que formem l\u2019actual govern municipal.<\/p>\n<p>Com alcalde estic conven\u00e7ut que aquest pressupost s\u2019emmarca en la l\u00ednia de creixement i millora de la qualitat de vida de la nostra poblaci\u00f3, malgrat la crisi econ\u00f2mica actual, i dins de les possibilitats financeres del nostre Ajuntament.<\/p>\n<p>El vostre alcalde<\/p>\n","protected":false},"excerpt":{"rendered":"<p>Aquest mes de juny hem aprovat el pressupost de l\u2019Ajuntament per a l\u2019any 2010. Un pressupost que ascendeix, tant en els cap\u00edtols de despeses com en els d&#8217;ingressos, a 8.465.571,62 \u20ac, i que representa una disminuci\u00f3 del 15% respecte el pressupost inicialment aprovat l\u2019any 2009. Per\u00f2 \u00e9s tamb\u00e9 un pressupost elaborat en un context dif\u00edcil, [&hellip;]<\/p>\n","protected":false},"author":2,"featured_media":989,"comment_status":"closed","ping_status":"closed","sticky":false,"template":"","format":"standard","meta":{"_et_pb_use_builder":"","_et_pb_old_content":"","_et_gb_content_width":"","footnotes":""},"categories":[37],"tags":[],"class_list":["post-1326","post","type-post","status-publish","format-standard","has-post-thumbnail","hentry","category-bloc-de-lalcalde"],"_links":{"self":[{"href":"https:\/\/roquetes.cat\/web\/wp-json\/wp\/v2\/posts\/1326","targetHints":{"allow":["GET"]}}],"collection":[{"href":"https:\/\/roquetes.cat\/web\/wp-json\/wp\/v2\/posts"}],"about":[{"href":"https:\/\/roquetes.cat\/web\/wp-json\/wp\/v2\/types\/post"}],"author":[{"embeddable":true,"href":"https:\/\/roquetes.cat\/web\/wp-json\/wp\/v2\/users\/2"}],"replies":[{"embeddable":true,"href":"https:\/\/roquetes.cat\/web\/wp-json\/wp\/v2\/comments?post=1326"}],"version-history":[{"count":1,"href":"https:\/\/roquetes.cat\/web\/wp-json\/wp\/v2\/posts\/1326\/revisions"}],"predecessor-version":[{"id":1327,"href":"https:\/\/roquetes.cat\/web\/wp-json\/wp\/v2\/posts\/1326\/revisions\/1327"}],"wp:featuredmedia":[{"embeddable":true,"href":"https:\/\/roquetes.cat\/web\/wp-json\/wp\/v2\/media\/989"}],"wp:attachment":[{"href":"https:\/\/roquetes.cat\/web\/wp-json\/wp\/v2\/media?parent=1326"}],"wp:term":[{"taxonomy":"category","embeddable":true,"href":"https:\/\/roquetes.cat\/web\/wp-json\/wp\/v2\/categories?post=1326"},{"taxonomy":"post_tag","embeddable":true,"href":"https:\/\/roquetes.cat\/web\/wp-json\/wp\/v2\/tags?post=1326"}],"curies":[{"name":"wp","href":"https:\/\/api.w.org\/{rel}","templated":true}]}}