{"id":1324,"date":"2010-05-18T14:06:28","date_gmt":"2010-05-18T12:06:28","guid":{"rendered":"https:\/\/roquetes.cat\/web\/?p=1324"},"modified":"2021-07-01T14:07:09","modified_gmt":"2021-07-01T12:07:09","slug":"14-dabril-i-els-roquetencs-de-lany","status":"publish","type":"post","link":"https:\/\/roquetes.cat\/web\/14-dabril-i-els-roquetencs-de-lany\/","title":{"rendered":"14 d\u2019abril i els roquetencs de l\u2019any"},"content":{"rendered":"<p>Com tothom ja sap, durant la celebraci\u00f3 d\u2019un dels actes principals de la commemoraci\u00f3 del 14 d\u2019abril, es fa entrega dels premis Roquetenc de l\u2019any. Enguany es va considerar que calia atorgar aquest guard\u00f3 del 2009 a Ramon Castell\u00e0, una persona sensible als problemes socials i sempre oberta a col\u00b7laborar amb aquelles persones que ho necessiten.<\/p>\n<p>Aquesta vegada, la ciutat de Roquetes va valorar i premiar el treball constant i diari, la solidaritat amb els m\u00e9s necessitats de la nostra societat, la feina silenciosa i gaireb\u00e9 en l\u2019anonimat; sense buscar cap reconeixement, sense esperar cap altre \u00e8xit que no sigui la millora de la qualitat de vida de la col\u00b7lectivitat que l\u2019envolta.<\/p>\n<p>Tot i aix\u00f2, la Comissi\u00f3 de Cultura tamb\u00e9 va creure oport\u00fa distingir, amb mencions honor\u00edfiques, quatre iniciatives m\u00e9s que van quedar finalistes als premis. Quatre iniciatives molt diferents, amb diversitat de finalitats, per\u00f2 totes amb vocaci\u00f3 de servei i, sobretot, amb un denominador com\u00fa: la ciutat de Roquetes.<\/p>\n<p>Aquestes entitats, aquestes empreses, no surten del no res ni de la casualitat; la seva exist\u00e8ncia i la continu\u00eftat en el temps \u00e9s fruit del treball d\u2019una s\u00e8rie de persones que, al llarg dels anys, han anat esfor\u00e7ant-se perqu\u00e8 la seva entitat, el seu col\u00b7lectiu, la seva associaci\u00f3 o la seva empresa pogu\u00e9s dur a terme aquells objectius que s\u2019havien marcat en la seva creaci\u00f3. I aix\u00ed, a trav\u00e9s de l\u2019esfor\u00e7 de moltes persones, podem gaudir a Roquetes d\u2019entitats centen\u00e0ries i moltes d\u2019altres que porten tot el cam\u00ed de ser-ho.<\/p>\n<p>La nit del 17 d\u2019abril es van atorgar els premis Roquetenc de l\u2019Any 2009 en el marc entranyable del casal de la raval de Cristo. Un espai que ben aviat podrem alternar amb un altre: el nou pavell\u00f3 poliesportiu. Ho vaig dir l\u2019any passat, el mateix 14 d\u2019abril, en l\u2019acte de col\u00b7locaci\u00f3 de la primera pedra i complirem la paraula.<\/p>\n<p>I aix\u00ed continuarem: complint lo prom\u00e9s, avan\u00e7ant, fent cam\u00ed. Totes i tots, i cadasc\u00fa des del nostre \u00e0mbit, hem de continuar treballant perqu\u00e8 Roquetes sigui cada dia m\u00e9s pr\u00f2spera, m\u00e9s solid\u00e0ria, m\u00e9s participativa, i un referent, no nom\u00e9s en el marc de les Terres de l\u2019Ebre, sin\u00f3 en el conjunt de Catalunya.<\/p>\n<p>El vostre alcalde<\/p>\n","protected":false},"excerpt":{"rendered":"<p>Com tothom ja sap, durant la celebraci\u00f3 d\u2019un dels actes principals de la commemoraci\u00f3 del 14 d\u2019abril, es fa entrega dels premis Roquetenc de l\u2019any. Enguany es va considerar que calia atorgar aquest guard\u00f3 del 2009 a Ramon Castell\u00e0, una persona sensible als problemes socials i sempre oberta a col\u00b7laborar amb aquelles persones que ho [&hellip;]<\/p>\n","protected":false},"author":2,"featured_media":989,"comment_status":"closed","ping_status":"closed","sticky":false,"template":"","format":"standard","meta":{"_et_pb_use_builder":"","_et_pb_old_content":"","_et_gb_content_width":"","footnotes":""},"categories":[37],"tags":[],"class_list":["post-1324","post","type-post","status-publish","format-standard","has-post-thumbnail","hentry","category-bloc-de-lalcalde"],"_links":{"self":[{"href":"https:\/\/roquetes.cat\/web\/wp-json\/wp\/v2\/posts\/1324","targetHints":{"allow":["GET"]}}],"collection":[{"href":"https:\/\/roquetes.cat\/web\/wp-json\/wp\/v2\/posts"}],"about":[{"href":"https:\/\/roquetes.cat\/web\/wp-json\/wp\/v2\/types\/post"}],"author":[{"embeddable":true,"href":"https:\/\/roquetes.cat\/web\/wp-json\/wp\/v2\/users\/2"}],"replies":[{"embeddable":true,"href":"https:\/\/roquetes.cat\/web\/wp-json\/wp\/v2\/comments?post=1324"}],"version-history":[{"count":1,"href":"https:\/\/roquetes.cat\/web\/wp-json\/wp\/v2\/posts\/1324\/revisions"}],"predecessor-version":[{"id":1325,"href":"https:\/\/roquetes.cat\/web\/wp-json\/wp\/v2\/posts\/1324\/revisions\/1325"}],"wp:featuredmedia":[{"embeddable":true,"href":"https:\/\/roquetes.cat\/web\/wp-json\/wp\/v2\/media\/989"}],"wp:attachment":[{"href":"https:\/\/roquetes.cat\/web\/wp-json\/wp\/v2\/media?parent=1324"}],"wp:term":[{"taxonomy":"category","embeddable":true,"href":"https:\/\/roquetes.cat\/web\/wp-json\/wp\/v2\/categories?post=1324"},{"taxonomy":"post_tag","embeddable":true,"href":"https:\/\/roquetes.cat\/web\/wp-json\/wp\/v2\/tags?post=1324"}],"curies":[{"name":"wp","href":"https:\/\/api.w.org\/{rel}","templated":true}]}}