{"id":1318,"date":"2009-12-15T14:02:31","date_gmt":"2009-12-15T12:02:31","guid":{"rendered":"https:\/\/roquetes.cat\/web\/?p=1318"},"modified":"2021-07-01T14:04:09","modified_gmt":"2021-07-01T12:04:09","slug":"lear-i-les-terres-de-lebre","status":"publish","type":"post","link":"https:\/\/roquetes.cat\/web\/lear-i-les-terres-de-lebre\/","title":{"rendered":"Lear i les Terres de l&#8217;Ebre"},"content":{"rendered":"<p>Despr\u00e8s de la desaparici\u00f3 temporal d\u2019aquest bloc a causa de \u201cl\u2019atac\u201d inform\u00e0tic\u00a0 que la\u00a0 Web municipal va rebre, i en espera de solucionar els problemes que ens ha ocasionat, continuo adre\u00e7ant-me a vosaltres per tal de donar l\u2019opini\u00f3 sobre els fets que, en cada moment, considero de m\u00e9s transcend\u00e8ncia.<\/p>\n<p>Avui em referir\u00e9 a les m\u00e9s de cinc-centes persones, treballadors i treballadores, que es quedaran sense feina ara que Lear tanca la seva planta de Roquetes. Homes i dones que veuran redu\u00efda la seva economia familiar en uns moments en qu\u00e8 la conjuntura econ\u00f2mica no \u00e9s gens favorable a la creaci\u00f3 de nous llocs de treball.<\/p>\n<p>\u00c9s aix\u00ed a tot Catalunya. Ho sabem. Per\u00f2 tamb\u00e9 sabem que el tancament d\u2019una empresa de la magnitud de Lear a les Terres de l\u2019Ebre pot comportar un impacte econ\u00f2mic i social per al territori m\u00e9s gran que el que podria significar si pass\u00e9s a l\u2019\u00e0rea de Barcelona. N\u00fameros canten. Aqu\u00ed som quatre gats, si comparem la demografia d\u2019una zona i l\u2019altra. I el que no pot ser \u00e9s que, de quatre gats, dos es quedin sense feina. Per aix\u00f2 cal que aquesta greu problem\u00e0tica que estem patint a casa nostra sigui assumida pels poders pol\u00edtics de la capital catalana i de l\u2019estat.<\/p>\n<p>No \u00e9s nom\u00e9s un problema de les cinc-centes i escaig persones que treballen a la planta de Lear. Ni tan sols el dels seus familiars i amics. \u00c9s un problema de tots i de totes; un problema que ha d\u2019assumir el Govern de la Generalitat ja que es tracta d\u2019un tema d\u2019abast nacional. Per\u00f2 tamb\u00e9 el Govern de l\u2019Estat en t\u00e9 responsabilitats, si m\u00e9s no, pel retard en l\u2019execuci\u00f3 de les infraestructures de la seva compet\u00e8ncia i que, any rere any es retarden, o es degraden paulatinament.<\/p>\n<p>El sentiment d\u2019abandonament de la poblaci\u00f3 ebrenca ve de lluny, i no ens hem queixat mai debades. L\u2019aven\u00e7, les infraestructures, les ind\u00fastries&#8230; s\u2019han quedat, moltes vegades, m\u00e9s enll\u00e0 del coll de Balaguer, o des de l\u2019Estat s\u2019aturen o es desvien cap a Castell\u00f3. Sempre en benefici de les capitals, on viu la majoria de la poblaci\u00f3. Alguns pol\u00edtics han dit, m\u00e9s d\u2019una vegada, que a casa nostra nom\u00e9s sabem dir que no. I no \u00e9s cert. Sabem dir que no a l\u2019espoliaci\u00f3 continuada a la qu\u00e8 s\u2019ha sotm\u00e8s les Terres de l\u2019Ebre de manera hist\u00f2rica, per\u00f2 sabem dir que s\u00ed a les oportunitats quan\u00a0 aquestes ens arriben.<\/p>\n<p>Ja \u00e9s hora que se\u2019ns miri com el que som: ciutadans i ciutadanes de primera l\u00ednia, no els pobrets de les comarques de l\u2019Ebre. Necessitem un gest, per\u00f2 un gest amb contingut, no nom\u00e9s paraules. El sector productiu de les Terres de l\u2019Ebre est\u00e0 en crisi (ind\u00fastria, comer\u00e7, agricultura&#8230;) i ens cal una injecci\u00f3 d\u2019oportunitats laborals i econ\u00f2miques. I tamb\u00e9 ens cal que, d\u2019una vegada per totes, la solidaritat que tant ens han demanat vagi en les dues direccions; que aqu\u00ed tamb\u00e9 la necessitem, i tamb\u00e9 som Catalunya.<\/p>\n<p>El vostre alcalde.<\/p>\n","protected":false},"excerpt":{"rendered":"<p>Despr\u00e8s de la desaparici\u00f3 temporal d\u2019aquest bloc a causa de \u201cl\u2019atac\u201d inform\u00e0tic\u00a0 que la\u00a0 Web municipal va rebre, i en espera de solucionar els problemes que ens ha ocasionat, continuo adre\u00e7ant-me a vosaltres per tal de donar l\u2019opini\u00f3 sobre els fets que, en cada moment, considero de m\u00e9s transcend\u00e8ncia. Avui em referir\u00e9 a les m\u00e9s [&hellip;]<\/p>\n","protected":false},"author":2,"featured_media":989,"comment_status":"closed","ping_status":"closed","sticky":false,"template":"","format":"standard","meta":{"_et_pb_use_builder":"","_et_pb_old_content":"","_et_gb_content_width":"","footnotes":""},"categories":[37],"tags":[],"class_list":["post-1318","post","type-post","status-publish","format-standard","has-post-thumbnail","hentry","category-bloc-de-lalcalde"],"_links":{"self":[{"href":"https:\/\/roquetes.cat\/web\/wp-json\/wp\/v2\/posts\/1318","targetHints":{"allow":["GET"]}}],"collection":[{"href":"https:\/\/roquetes.cat\/web\/wp-json\/wp\/v2\/posts"}],"about":[{"href":"https:\/\/roquetes.cat\/web\/wp-json\/wp\/v2\/types\/post"}],"author":[{"embeddable":true,"href":"https:\/\/roquetes.cat\/web\/wp-json\/wp\/v2\/users\/2"}],"replies":[{"embeddable":true,"href":"https:\/\/roquetes.cat\/web\/wp-json\/wp\/v2\/comments?post=1318"}],"version-history":[{"count":1,"href":"https:\/\/roquetes.cat\/web\/wp-json\/wp\/v2\/posts\/1318\/revisions"}],"predecessor-version":[{"id":1319,"href":"https:\/\/roquetes.cat\/web\/wp-json\/wp\/v2\/posts\/1318\/revisions\/1319"}],"wp:featuredmedia":[{"embeddable":true,"href":"https:\/\/roquetes.cat\/web\/wp-json\/wp\/v2\/media\/989"}],"wp:attachment":[{"href":"https:\/\/roquetes.cat\/web\/wp-json\/wp\/v2\/media?parent=1318"}],"wp:term":[{"taxonomy":"category","embeddable":true,"href":"https:\/\/roquetes.cat\/web\/wp-json\/wp\/v2\/categories?post=1318"},{"taxonomy":"post_tag","embeddable":true,"href":"https:\/\/roquetes.cat\/web\/wp-json\/wp\/v2\/tags?post=1318"}],"curies":[{"name":"wp","href":"https:\/\/api.w.org\/{rel}","templated":true}]}}