{"id":1308,"date":"2021-07-01T13:28:28","date_gmt":"2021-07-01T11:28:28","guid":{"rendered":"https:\/\/roquetes.cat\/web\/?p=1308"},"modified":"2021-07-01T13:29:19","modified_gmt":"2021-07-01T11:29:19","slug":"presentat-el-pla-de-dinamitzacio-del-comerc-local","status":"publish","type":"post","link":"https:\/\/roquetes.cat\/web\/presentat-el-pla-de-dinamitzacio-del-comerc-local\/","title":{"rendered":"Presentat el Pla de dinamitzaci\u00f3 del comer\u00e7 local"},"content":{"rendered":"<p align=\"justify\"><span style=\"font-family: Arial, sans-serif;\"><span style=\"font-size: small;\">La regidora de l&#8217;\u00e0rea de Dinamitzaci\u00f3 Econ\u00f2mica de l&#8217;Ajuntament de Roquetes, Tere Moreso, i l&#8217;empresa Estrat\u00e8gic, contractada per l&#8217;elaboraci\u00f3 del pla, i amb el suport d&#8217;una subvenci\u00f3 atorgada a l&#8217;ajuntament per part de la Diputaci\u00f3 de Tarragona per a la realitzaci\u00f3 d&#8217;accions que fomentin la reactivaci\u00f3 ocupacional i econ\u00f2mica derivada de la Covid-19, van presentar ahir a la sala polivalent de la Biblioteca Merc\u00e8 Lleix\u00e0 el Pla de dinamitzaci\u00f3 del comer\u00e7 local de Roquetes i Raval de Cristo, amb un paquet de mesures que tenen per objectiu b\u00e0sic recuperar i enfortir l&#8217;economia del municipi, amb una visi\u00f3 de possibilitar una millora de l&#8217;atractivitat comercial basada en un renovat posicionament estrat\u00e8gic de ciutat, integrador i vinculat al seu entorn, que permeti un major dinamisme econ\u00f2mic i empresarial i una millora cont\u00ednua en la competitivitat del seu teixit comercial i econ\u00f2mic present i de futur.<\/span><\/span><\/p>\n<p align=\"justify\"><span style=\"font-family: Arial, sans-serif;\"><span style=\"font-size: small;\">En aquest sentit, l&#8217;estudi contempla una an\u00e0lisi de l\u2019oferta comercial de Roquetes, les caracter\u00edstiques de la demanda per part dels clients, i un pla amb set grans eixos estrat\u00e8gics (eix de digitalitzaci\u00f3, de dinamitzaci\u00f3, de m\u00e0rqueting, d&#8217;espai urb\u00e0 i mobilitat, de revitalitzaci\u00f3, de comer\u00e7 i turisme i eix de governan\u00e7a i treball en xarxa) i trenta-cinc accions concretes de dinamitzaci\u00f3 a aplicar durant els propers anys. <\/span><\/span><\/p>\n<p align=\"justify\"><span style=\"font-family: Arial, sans-serif;\"><span style=\"font-size: small;\">Agrair la participaci\u00f3 del comer\u00e7 en aquesta presentaci\u00f3 i esperem poder continuar treballant junts pel desenvolupament econ\u00f2mic de proximitat i per posar en valor els actius i les oportunitats del territori, aix\u00ed com consolidar un model de promoci\u00f3 econ\u00f2mica que minimitzi la dist\u00e0ncia entre ciutadania i recursos p\u00fablics. <\/span><\/span><\/p>\n<p align=\"justify\"><span style=\"font-family: Arial, sans-serif;\"><span style=\"font-size: small;\">Sempre al teu costat!<\/span><\/span><\/p>\n<p align=\"justify\"><img decoding=\"async\" class=\"alignnone size-full wp-image-1310 lazyload\" data-src=\"https:\/\/roquetes.cat\/web\/wp-content\/uploads\/2021\/07\/Logo_DIPUTACIO.jpg\" alt=\"\" width=\"300\" height=\"250\" src=\"data:image\/svg+xml;base64,PHN2ZyB3aWR0aD0iMSIgaGVpZ2h0PSIxIiB4bWxucz0iaHR0cDovL3d3dy53My5vcmcvMjAwMC9zdmciPjwvc3ZnPg==\" style=\"--smush-placeholder-width: 300px; --smush-placeholder-aspect-ratio: 300\/250;\" \/><\/p>\n","protected":false},"excerpt":{"rendered":"<p>La regidora de l&#8217;\u00e0rea de Dinamitzaci\u00f3 Econ\u00f2mica de l&#8217;Ajuntament de Roquetes, Tere Moreso, i l&#8217;empresa Estrat\u00e8gic, contractada per l&#8217;elaboraci\u00f3 del pla, i amb el suport d&#8217;una subvenci\u00f3 atorgada a l&#8217;ajuntament per part de la Diputaci\u00f3 de Tarragona per a la realitzaci\u00f3 d&#8217;accions que fomentin la reactivaci\u00f3 ocupacional i econ\u00f2mica derivada de la Covid-19, van presentar [&hellip;]<\/p>\n","protected":false},"author":2,"featured_media":1309,"comment_status":"closed","ping_status":"closed","sticky":false,"template":"","format":"standard","meta":{"_et_pb_use_builder":"","_et_pb_old_content":"","_et_gb_content_width":"","footnotes":""},"categories":[14,34],"tags":[],"class_list":["post-1308","post","type-post","status-publish","format-standard","has-post-thumbnail","hentry","category-dinamitzacio-economica","category-portada"],"_links":{"self":[{"href":"https:\/\/roquetes.cat\/web\/wp-json\/wp\/v2\/posts\/1308","targetHints":{"allow":["GET"]}}],"collection":[{"href":"https:\/\/roquetes.cat\/web\/wp-json\/wp\/v2\/posts"}],"about":[{"href":"https:\/\/roquetes.cat\/web\/wp-json\/wp\/v2\/types\/post"}],"author":[{"embeddable":true,"href":"https:\/\/roquetes.cat\/web\/wp-json\/wp\/v2\/users\/2"}],"replies":[{"embeddable":true,"href":"https:\/\/roquetes.cat\/web\/wp-json\/wp\/v2\/comments?post=1308"}],"version-history":[{"count":3,"href":"https:\/\/roquetes.cat\/web\/wp-json\/wp\/v2\/posts\/1308\/revisions"}],"predecessor-version":[{"id":1313,"href":"https:\/\/roquetes.cat\/web\/wp-json\/wp\/v2\/posts\/1308\/revisions\/1313"}],"wp:featuredmedia":[{"embeddable":true,"href":"https:\/\/roquetes.cat\/web\/wp-json\/wp\/v2\/media\/1309"}],"wp:attachment":[{"href":"https:\/\/roquetes.cat\/web\/wp-json\/wp\/v2\/media?parent=1308"}],"wp:term":[{"taxonomy":"category","embeddable":true,"href":"https:\/\/roquetes.cat\/web\/wp-json\/wp\/v2\/categories?post=1308"},{"taxonomy":"post_tag","embeddable":true,"href":"https:\/\/roquetes.cat\/web\/wp-json\/wp\/v2\/tags?post=1308"}],"curies":[{"name":"wp","href":"https:\/\/api.w.org\/{rel}","templated":true}]}}