{"id":12661,"date":"2024-07-16T14:33:38","date_gmt":"2024-07-16T12:33:38","guid":{"rendered":"https:\/\/roquetes.cat\/web\/?p=12661"},"modified":"2024-07-16T14:33:38","modified_gmt":"2024-07-16T12:33:38","slug":"segueix-el-cicle-dexposicions-al-mercat-municipal-amb-menys-plastics-mes-vida","status":"publish","type":"post","link":"https:\/\/roquetes.cat\/web\/segueix-el-cicle-dexposicions-al-mercat-municipal-amb-menys-plastics-mes-vida\/","title":{"rendered":"Segueix el cicle d\u2019exposicions al Mercat Municipal, amb \u2018Menys pl\u00e0stics, m\u00e9s vida\u2019"},"content":{"rendered":"<h2>Es pot visitar fins al 25 de juliol, i pret\u00e9n sensibilitzar sobre la reducci\u00f3 de l\u2019\u00fas de pl\u00e0stics en la vida di\u00e0ria, en favor d\u2019alternatives m\u00e9s sostenibles.<\/h2>\n<p>Continua el cicle d\u2019exposicions itinerants al <strong>Mercat Municipal de Roquetes.<\/strong> Des d\u2019avui dimarts <strong>16 de juliol, i fins al pr\u00f2xim dia 25,<\/strong> s\u2019ofereix la mostra <strong>\u2018Menys pl\u00e0stics, m\u00e9s vida\u2019,<\/strong> organitzada per l\u2019<strong>\u00c0rea de Gesti\u00f3 Ambiental de l\u2019Ajuntament de Roquetes<\/strong>, amb la col\u00b7laboraci\u00f3 de l\u2019<strong>Ag\u00e8ncia Catalana de l\u2019Aigua (ACA). <\/strong>Els panells es poden visitar pel mat\u00ed de dilluns a dissabte, de 09.00 hores a 15.00 hores, i per la tarda els dimarts, dijous i divendres, de 18.00 hores a 21.00 hores.<\/p>\n<p><strong>Introducci\u00f3 de canvi d\u2019h\u00e0bits<\/strong><\/p>\n<p>L\u2019exposici\u00f3 \u2018Menys pl\u00e0stics, m\u00e9s vida\u2019 pret\u00e9n sensibilitzar sobre la <strong>reducci\u00f3 de l\u2019\u00fas de pl\u00e0stics en la vida di\u00e0ria, en favor d\u2019alternatives m\u00e9s sostenibles.<\/strong> Aix\u00ed, s\u2019informa sobre el problema de l\u2019ab\u00fas dels pl\u00e0stics i la seva pres\u00e8ncia i impacte sobre la flora i la fauna present en els ecosistemes aqu\u00e0tics.<\/p>\n<p>Tamb\u00e9 promou la reflexi\u00f3 de la ciutadania i el canvi d\u2019h\u00e0bits per tal de reduir i evitar aquests impactes i avan\u00e7ar cap a la millora de la qualitat ambiental del nostre entorn, recorrent a bosses de teixits naturals o de materials biodegradables, i a ampolles que es puguin reomplir, entre moltes altres alternatives.<\/p>\n<table style=\"border-style: solid;\" border=\"1\">\n<tbody>\n<tr>\n<td style=\"text-align: center;\" width=\"670\"><strong>CONSELLS PEL CANVI D\u2019H\u00c0BITS AMB ELS PL\u00c0STICS<\/strong><\/td>\n<\/tr>\n<tr>\n<td style=\"text-align: center;\" width=\"670\"><a href=\"https:\/\/aca.gencat.cat\/ca\/laca\/campanyes-i-divulgacio\/exposicions-aca\/exposicions-temporals\/impacte-plastics\/\"><strong>AQU\u00cd<\/strong><\/a><\/td>\n<\/tr>\n<\/tbody>\n<\/table>\n<p>Paral\u00b7lelament, l\u2019acte es desenvolupa coincidint amb el <strong>Dia Internacional lliure de bosses de pl\u00e0stic, <\/strong>que va commemorar-se el passat 3 de juliol.<\/p>\n<p>Per aquest motiu, s\u2019anima tota la ciutadania a visitar l\u2019exposici\u00f3, per aprendre m\u00e9s sobre com podem contribuir a la preservaci\u00f3 del medi ambient, lliure de pl\u00e0stics. <strong>Per un m\u00f3n m\u00e9s sostenible!<\/strong><\/p>\n<p><img decoding=\"async\" class=\"alignnone size-full wp-image-12663 lazyload\" data-src=\"https:\/\/roquetes.cat\/web\/wp-content\/uploads\/2024\/07\/IMG_0513-scaled.jpg\" alt=\"\" width=\"2560\" height=\"1920\" data-srcset=\"https:\/\/roquetes.cat\/web\/wp-content\/uploads\/2024\/07\/IMG_0513-scaled.jpg 2560w, https:\/\/roquetes.cat\/web\/wp-content\/uploads\/2024\/07\/IMG_0513-1280x960.jpg 1280w, https:\/\/roquetes.cat\/web\/wp-content\/uploads\/2024\/07\/IMG_0513-980x735.jpg 980w, https:\/\/roquetes.cat\/web\/wp-content\/uploads\/2024\/07\/IMG_0513-480x360.jpg 480w\" data-sizes=\"(min-width: 0px) and (max-width: 480px) 480px, (min-width: 481px) and (max-width: 980px) 980px, (min-width: 981px) and (max-width: 1280px) 1280px, (min-width: 1281px) 2560px, 100vw\" src=\"data:image\/svg+xml;base64,PHN2ZyB3aWR0aD0iMSIgaGVpZ2h0PSIxIiB4bWxucz0iaHR0cDovL3d3dy53My5vcmcvMjAwMC9zdmciPjwvc3ZnPg==\" style=\"--smush-placeholder-width: 2560px; --smush-placeholder-aspect-ratio: 2560\/1920;\" \/><\/p>\n<p><img decoding=\"async\" class=\"alignnone size-full wp-image-12664 lazyload\" data-src=\"https:\/\/roquetes.cat\/web\/wp-content\/uploads\/2024\/07\/IMG_0511-scaled.jpg\" alt=\"\" width=\"2560\" height=\"1920\" data-srcset=\"https:\/\/roquetes.cat\/web\/wp-content\/uploads\/2024\/07\/IMG_0511-scaled.jpg 2560w, https:\/\/roquetes.cat\/web\/wp-content\/uploads\/2024\/07\/IMG_0511-1280x960.jpg 1280w, https:\/\/roquetes.cat\/web\/wp-content\/uploads\/2024\/07\/IMG_0511-980x735.jpg 980w, https:\/\/roquetes.cat\/web\/wp-content\/uploads\/2024\/07\/IMG_0511-480x360.jpg 480w\" data-sizes=\"(min-width: 0px) and (max-width: 480px) 480px, (min-width: 481px) and (max-width: 980px) 980px, (min-width: 981px) and (max-width: 1280px) 1280px, (min-width: 1281px) 2560px, 100vw\" src=\"data:image\/svg+xml;base64,PHN2ZyB3aWR0aD0iMSIgaGVpZ2h0PSIxIiB4bWxucz0iaHR0cDovL3d3dy53My5vcmcvMjAwMC9zdmciPjwvc3ZnPg==\" style=\"--smush-placeholder-width: 2560px; --smush-placeholder-aspect-ratio: 2560\/1920;\" \/><\/p>\n<p><a href=\"https:\/\/roquetes.cat\/web\/wp-content\/uploads\/2024\/07\/IMG_0513.heic\"><img decoding=\"async\" class=\"alignnone size-full wp-image-12665 lazyload\" data-src=\"https:\/\/roquetes.cat\/web\/wp-content\/uploads\/2024\/07\/IMG_0492-scaled.jpg\" alt=\"\" width=\"2560\" height=\"1920\" data-srcset=\"https:\/\/roquetes.cat\/web\/wp-content\/uploads\/2024\/07\/IMG_0492-scaled.jpg 2560w, https:\/\/roquetes.cat\/web\/wp-content\/uploads\/2024\/07\/IMG_0492-1280x960.jpg 1280w, https:\/\/roquetes.cat\/web\/wp-content\/uploads\/2024\/07\/IMG_0492-980x735.jpg 980w, https:\/\/roquetes.cat\/web\/wp-content\/uploads\/2024\/07\/IMG_0492-480x360.jpg 480w\" data-sizes=\"(min-width: 0px) and (max-width: 480px) 480px, (min-width: 481px) and (max-width: 980px) 980px, (min-width: 981px) and (max-width: 1280px) 1280px, (min-width: 1281px) 2560px, 100vw\" src=\"data:image\/svg+xml;base64,PHN2ZyB3aWR0aD0iMSIgaGVpZ2h0PSIxIiB4bWxucz0iaHR0cDovL3d3dy53My5vcmcvMjAwMC9zdmciPjwvc3ZnPg==\" style=\"--smush-placeholder-width: 2560px; --smush-placeholder-aspect-ratio: 2560\/1920;\" \/><\/a><\/p>\n<p><a href=\"https:\/\/roquetes.cat\/web\/wp-content\/uploads\/2024\/07\/IMG_0513.heic\"><img decoding=\"async\" class=\"alignnone size-full wp-image-12666 lazyload\" data-src=\"https:\/\/roquetes.cat\/web\/wp-content\/uploads\/2024\/07\/IMG_0491-scaled.jpg\" alt=\"\" width=\"2560\" height=\"1920\" data-srcset=\"https:\/\/roquetes.cat\/web\/wp-content\/uploads\/2024\/07\/IMG_0491-scaled.jpg 2560w, https:\/\/roquetes.cat\/web\/wp-content\/uploads\/2024\/07\/IMG_0491-1280x960.jpg 1280w, https:\/\/roquetes.cat\/web\/wp-content\/uploads\/2024\/07\/IMG_0491-980x735.jpg 980w, https:\/\/roquetes.cat\/web\/wp-content\/uploads\/2024\/07\/IMG_0491-480x360.jpg 480w\" data-sizes=\"(min-width: 0px) and (max-width: 480px) 480px, (min-width: 481px) and (max-width: 980px) 980px, (min-width: 981px) and (max-width: 1280px) 1280px, (min-width: 1281px) 2560px, 100vw\" src=\"data:image\/svg+xml;base64,PHN2ZyB3aWR0aD0iMSIgaGVpZ2h0PSIxIiB4bWxucz0iaHR0cDovL3d3dy53My5vcmcvMjAwMC9zdmciPjwvc3ZnPg==\" style=\"--smush-placeholder-width: 2560px; --smush-placeholder-aspect-ratio: 2560\/1920;\" \/><img decoding=\"async\" class=\"alignnone size-full wp-image-12662\" src=\"https:\/\/roquetes.cat\/web\/wp-content\/uploads\/2024\/07\/IMG_0513.heic\" alt=\"\" \/><\/a><\/p>\n<p>&nbsp;<\/p>\n<p>&nbsp;<\/p>\n","protected":false},"excerpt":{"rendered":"<p>Es pot visitar fins al 25 de juliol, i pret\u00e9n sensibilitzar sobre la reducci\u00f3 de l\u2019\u00fas de pl\u00e0stics en la vida di\u00e0ria, en favor d\u2019alternatives m\u00e9s sostenibles. Continua el cicle d\u2019exposicions itinerants al Mercat Municipal de Roquetes. Des d\u2019avui dimarts 16 de juliol, i fins al pr\u00f2xim dia 25, s\u2019ofereix la mostra \u2018Menys pl\u00e0stics, m\u00e9s [&hellip;]<\/p>\n","protected":false},"author":6,"featured_media":12601,"comment_status":"closed","ping_status":"closed","sticky":false,"template":"","format":"standard","meta":{"_et_pb_use_builder":"","_et_pb_old_content":"","_et_gb_content_width":"","footnotes":""},"categories":[16,34],"tags":[],"class_list":["post-12661","post","type-post","status-publish","format-standard","has-post-thumbnail","hentry","category-medi-ambient","category-portada"],"_links":{"self":[{"href":"https:\/\/roquetes.cat\/web\/wp-json\/wp\/v2\/posts\/12661","targetHints":{"allow":["GET"]}}],"collection":[{"href":"https:\/\/roquetes.cat\/web\/wp-json\/wp\/v2\/posts"}],"about":[{"href":"https:\/\/roquetes.cat\/web\/wp-json\/wp\/v2\/types\/post"}],"author":[{"embeddable":true,"href":"https:\/\/roquetes.cat\/web\/wp-json\/wp\/v2\/users\/6"}],"replies":[{"embeddable":true,"href":"https:\/\/roquetes.cat\/web\/wp-json\/wp\/v2\/comments?post=12661"}],"version-history":[{"count":1,"href":"https:\/\/roquetes.cat\/web\/wp-json\/wp\/v2\/posts\/12661\/revisions"}],"predecessor-version":[{"id":12667,"href":"https:\/\/roquetes.cat\/web\/wp-json\/wp\/v2\/posts\/12661\/revisions\/12667"}],"wp:featuredmedia":[{"embeddable":true,"href":"https:\/\/roquetes.cat\/web\/wp-json\/wp\/v2\/media\/12601"}],"wp:attachment":[{"href":"https:\/\/roquetes.cat\/web\/wp-json\/wp\/v2\/media?parent=12661"}],"wp:term":[{"taxonomy":"category","embeddable":true,"href":"https:\/\/roquetes.cat\/web\/wp-json\/wp\/v2\/categories?post=12661"},{"taxonomy":"post_tag","embeddable":true,"href":"https:\/\/roquetes.cat\/web\/wp-json\/wp\/v2\/tags?post=12661"}],"curies":[{"name":"wp","href":"https:\/\/api.w.org\/{rel}","templated":true}]}}