{"id":12541,"date":"2024-07-05T10:22:26","date_gmt":"2024-07-05T08:22:26","guid":{"rendered":"https:\/\/roquetes.cat\/web\/?p=12541"},"modified":"2024-07-05T10:22:26","modified_gmt":"2024-07-05T08:22:26","slug":"el-cim-del-mont-caro-final-inedit-en-la-primera-classica-terres-de-lebre","status":"publish","type":"post","link":"https:\/\/roquetes.cat\/web\/el-cim-del-mont-caro-final-inedit-en-la-primera-classica-terres-de-lebre\/","title":{"rendered":"El cim del Mont Caro, final in\u00e8dit en la primera Cl\u00e0ssica Terres de l\u2019Ebre"},"content":{"rendered":"<h2>L\u2019alcalde de Roquetes, Ivan Garcia, i la regidora d\u2019esports, Sonia Andrade, assisteixen a la presentaci\u00f3 de la prova ciclista, que tindr\u00e0 lloc el 15 de juliol.<\/h2>\n<p>El <strong>cim del Mont Caro, a 1.442 metres d\u2019altitud i a Roquetes, es convertir\u00e0 en la meta<\/strong> de l\u2019espectacular recorregut de la primera edici\u00f3 de la <strong>Cl\u00e0ssica Terres de l\u2019Ebre \u2018Reserva de la Biosfera\u2019,<\/strong> que tindr\u00e0 lloc el proper <strong>dilluns 15 de juliol. <\/strong>La presentaci\u00f3 oficial de la prova ciclista s\u2019ha produ\u00eft aquest dijous, amb la pres\u00e8ncia de l\u2019alcalde de Roquetes, <strong>Ivan Garcia,<\/strong> i la regidora d\u2019esports de la ciutat, <strong>Sonia Andrade,<\/strong> en un acte on s\u2019han desvetllat els equips participants i les particularitats d\u2019un esdeveniment que ser\u00e0 retransm\u00e8s en directe a tot el m\u00f3n a trav\u00e9s del <strong>canal Eurosport,<\/strong> aprofitant la jornada de descans del <strong>Tour de Fran\u00e7a.<\/strong><\/p>\n<p><strong>Ivan Garcia: \u201cL\u2019arribada ser\u00e0 un aut\u00e8ntic espectacle\u201d<\/strong><\/p>\n<p>En el torn d\u2019intervencions, l\u2019alcalde de Roquetes, <strong>Ivan Garcia,<\/strong> ha destacat el fet que, per primer cop, \u201cuna prova ciclista de nivell far\u00e0 arribada al cim del Mont Caro\u201d. \u201cLa duresa dels \u00faltims 3,4 quil\u00f2metres ser\u00e0 un aut\u00e8ntic espectacle per a tot el p\u00fablic. La Cl\u00e0ssica ens permetr\u00e0 demostrar que aix\u00f2 \u00e9s possible, i ens ajudar\u00e0 perqu\u00e8 el cim pugui convertir-se en final d\u2019etapa de grans esdeveniments ciclistes en un futur\u201d, ha assegurat el batlle roquetero.<\/p>\n<p><strong>Un exigent recorregut per les quatre comarques<\/strong><\/p>\n<p>La cursa ciclista professional, emmarcada en la categoria 1.2 de l\u2019UCI Europa Tour, tindr\u00e0 un recorregut molt atractiu i a la vegada exigent, amb <strong>191,66 quil\u00f2metres de dist\u00e0ncia i un desnivell acumulat positiu de 3.494 metres.<\/strong> Inclour\u00e0 el pas per les quatre comarques ebrenques, el Montsi\u00e0, el Baix Ebre, la Ribera d\u2019Ebre i la Terra Alta, per posar en valor el territori, aix\u00ed com el seu patrimoni tur\u00edstic, cultural, gastron\u00f2mic, comercial, social i esportiu, convertint la prova en una gran finestra promocional cap a l\u2019exterior, i mostrant una ruta ideal per als amants del ciclisme.<\/p>\n<p>La sortida es realitzar\u00e0 des d\u2019Amposta, i es passar\u00e0 per Sant Jaume d\u2019Enveja, Deltebre, Tortosa, B\u00edtem i Tivenys, on es disputar\u00e0 un esprint especial en record del que fou ciclista ol\u00edmpic i plata mundial Miquel Espin\u00f3s. El primer port ser\u00e0 el Coll de Som, de tercera categoria, abans de travessar els municipis de Benifallet, M\u00f3ra d\u2019Ebre, Gandesa i Bot, on s\u2019iniciar\u00e0 l\u2019escalada al segon port del dia, la coneguda com carretera dels Espills, tamb\u00e9 de tercera categoria. El gran grup passar\u00e0 per Pa\u00fcls, Xerta, Tortosa i el nucli urb\u00e0 de Roquetes, des d\u2019on encarar\u00e0 la hist\u00f2rica ascensi\u00f3 completa al m\u00edtic Mont Caro, l\u00ednia de meta. Un port molt exigent, amb un desnivell mitj\u00e0 del 6,3% i amb rampes de fins al 15%, d\u2019una gran bellesa i exig\u00e8ncia i amb un paisatge preci\u00f3s.<\/p>\n<p><strong>Dinou equips que presentaran batalla<\/strong><\/p>\n<p>La Cl\u00e0ssica Terres de l\u2019Ebre comptar\u00e0 amb la participaci\u00f3 de dinou equips, que presentaran batalla sobretot en l\u2019ascenci\u00f3 fins al Mont Caro, on es decidir\u00e0 la vict\u00f2ria final. D\u2019entre tots els conjunts, cal destacar la pres\u00e8ncia de <strong>Caja Rural, Kern Pharma, Euskaltel Euskadi, Burgos BH <\/strong>o el<strong> Soudal Quick Step,<\/strong> formacions habituals de grans cites com <strong>La Vuelta<\/strong>\u00a0o la <strong>Volta a Catalunya,<\/strong> que faran acte de pres\u00e8ncia a Roquetes.<\/p>\n<p>A la vegada, tamb\u00e9 han assistit a l\u2019acte de presentaci\u00f3 el delegat del Govern a les Terres de l\u2019Ebre, <strong>Adam Tom\u00e0s;<\/strong> el vicepresident de la Diputaci\u00f3 de Tarragona, <strong>Enric Adell;<\/strong> l\u2019alcalde de Tortosa, <strong>Jordi Jordan;<\/strong> el president de la Federaci\u00f3 Catalana de Ciclisme, <strong>Joaquim Vilaplana; <\/strong>i el president del <strong>Club Esportiu Montsi\u00e0, N\u00e9stor Biosca, <\/strong>organitzador de la prova, entre d\u2019altres personalitats.<\/p>\n<p><img decoding=\"async\" class=\"alignnone size-full wp-image-12542 lazyload\" data-src=\"https:\/\/roquetes.cat\/web\/wp-content\/uploads\/2024\/07\/0f7bcebe-8fdb-0718-9a0d-b903c876c9d9-scaled.jpg\" alt=\"\" width=\"2560\" height=\"1707\" data-srcset=\"https:\/\/roquetes.cat\/web\/wp-content\/uploads\/2024\/07\/0f7bcebe-8fdb-0718-9a0d-b903c876c9d9-scaled.jpg 2560w, https:\/\/roquetes.cat\/web\/wp-content\/uploads\/2024\/07\/0f7bcebe-8fdb-0718-9a0d-b903c876c9d9-1280x854.jpg 1280w, https:\/\/roquetes.cat\/web\/wp-content\/uploads\/2024\/07\/0f7bcebe-8fdb-0718-9a0d-b903c876c9d9-980x653.jpg 980w, https:\/\/roquetes.cat\/web\/wp-content\/uploads\/2024\/07\/0f7bcebe-8fdb-0718-9a0d-b903c876c9d9-480x320.jpg 480w\" data-sizes=\"(min-width: 0px) and (max-width: 480px) 480px, (min-width: 481px) and (max-width: 980px) 980px, (min-width: 981px) and (max-width: 1280px) 1280px, (min-width: 1281px) 2560px, 100vw\" src=\"data:image\/svg+xml;base64,PHN2ZyB3aWR0aD0iMSIgaGVpZ2h0PSIxIiB4bWxucz0iaHR0cDovL3d3dy53My5vcmcvMjAwMC9zdmciPjwvc3ZnPg==\" style=\"--smush-placeholder-width: 2560px; --smush-placeholder-aspect-ratio: 2560\/1707;\" \/><\/p>\n<p><img decoding=\"async\" class=\"alignnone size-full wp-image-12543 lazyload\" data-src=\"https:\/\/roquetes.cat\/web\/wp-content\/uploads\/2024\/07\/10aa317d-e3ca-4998-a62c-bbd35f7f6fd3.jpg\" alt=\"\" width=\"1599\" height=\"1066\" data-srcset=\"https:\/\/roquetes.cat\/web\/wp-content\/uploads\/2024\/07\/10aa317d-e3ca-4998-a62c-bbd35f7f6fd3.jpg 1599w, https:\/\/roquetes.cat\/web\/wp-content\/uploads\/2024\/07\/10aa317d-e3ca-4998-a62c-bbd35f7f6fd3-1280x853.jpg 1280w, https:\/\/roquetes.cat\/web\/wp-content\/uploads\/2024\/07\/10aa317d-e3ca-4998-a62c-bbd35f7f6fd3-980x653.jpg 980w, https:\/\/roquetes.cat\/web\/wp-content\/uploads\/2024\/07\/10aa317d-e3ca-4998-a62c-bbd35f7f6fd3-480x320.jpg 480w\" data-sizes=\"(min-width: 0px) and (max-width: 480px) 480px, (min-width: 481px) and (max-width: 980px) 980px, (min-width: 981px) and (max-width: 1280px) 1280px, (min-width: 1281px) 1599px, 100vw\" src=\"data:image\/svg+xml;base64,PHN2ZyB3aWR0aD0iMSIgaGVpZ2h0PSIxIiB4bWxucz0iaHR0cDovL3d3dy53My5vcmcvMjAwMC9zdmciPjwvc3ZnPg==\" style=\"--smush-placeholder-width: 1599px; --smush-placeholder-aspect-ratio: 1599\/1066;\" \/><\/p>\n<p><img decoding=\"async\" class=\"alignnone size-full wp-image-12544 lazyload\" data-src=\"https:\/\/roquetes.cat\/web\/wp-content\/uploads\/2024\/07\/f1079c03-051b-5a89-9ad9-cb6a6999263a-scaled.jpg\" alt=\"\" width=\"2560\" height=\"1707\" data-srcset=\"https:\/\/roquetes.cat\/web\/wp-content\/uploads\/2024\/07\/f1079c03-051b-5a89-9ad9-cb6a6999263a-scaled.jpg 2560w, https:\/\/roquetes.cat\/web\/wp-content\/uploads\/2024\/07\/f1079c03-051b-5a89-9ad9-cb6a6999263a-1280x854.jpg 1280w, https:\/\/roquetes.cat\/web\/wp-content\/uploads\/2024\/07\/f1079c03-051b-5a89-9ad9-cb6a6999263a-980x653.jpg 980w, https:\/\/roquetes.cat\/web\/wp-content\/uploads\/2024\/07\/f1079c03-051b-5a89-9ad9-cb6a6999263a-480x320.jpg 480w\" data-sizes=\"(min-width: 0px) and (max-width: 480px) 480px, (min-width: 481px) and (max-width: 980px) 980px, (min-width: 981px) and (max-width: 1280px) 1280px, (min-width: 1281px) 2560px, 100vw\" src=\"data:image\/svg+xml;base64,PHN2ZyB3aWR0aD0iMSIgaGVpZ2h0PSIxIiB4bWxucz0iaHR0cDovL3d3dy53My5vcmcvMjAwMC9zdmciPjwvc3ZnPg==\" style=\"--smush-placeholder-width: 2560px; --smush-placeholder-aspect-ratio: 2560\/1707;\" \/><\/p>\n<p><img decoding=\"async\" class=\"alignnone size-full wp-image-12545 lazyload\" data-src=\"https:\/\/roquetes.cat\/web\/wp-content\/uploads\/2024\/07\/9fe1f23b-7622-b613-d589-17dc879c204b-scaled.jpg\" alt=\"\" width=\"2560\" height=\"1707\" data-srcset=\"https:\/\/roquetes.cat\/web\/wp-content\/uploads\/2024\/07\/9fe1f23b-7622-b613-d589-17dc879c204b-scaled.jpg 2560w, https:\/\/roquetes.cat\/web\/wp-content\/uploads\/2024\/07\/9fe1f23b-7622-b613-d589-17dc879c204b-1280x854.jpg 1280w, https:\/\/roquetes.cat\/web\/wp-content\/uploads\/2024\/07\/9fe1f23b-7622-b613-d589-17dc879c204b-980x653.jpg 980w, https:\/\/roquetes.cat\/web\/wp-content\/uploads\/2024\/07\/9fe1f23b-7622-b613-d589-17dc879c204b-480x320.jpg 480w\" data-sizes=\"(min-width: 0px) and (max-width: 480px) 480px, (min-width: 481px) and (max-width: 980px) 980px, (min-width: 981px) and (max-width: 1280px) 1280px, (min-width: 1281px) 2560px, 100vw\" src=\"data:image\/svg+xml;base64,PHN2ZyB3aWR0aD0iMSIgaGVpZ2h0PSIxIiB4bWxucz0iaHR0cDovL3d3dy53My5vcmcvMjAwMC9zdmciPjwvc3ZnPg==\" style=\"--smush-placeholder-width: 2560px; --smush-placeholder-aspect-ratio: 2560\/1707;\" \/><\/p>\n","protected":false},"excerpt":{"rendered":"<p>L\u2019alcalde de Roquetes, Ivan Garcia, i la regidora d\u2019esports, Sonia Andrade, assisteixen a la presentaci\u00f3 de la prova ciclista, que tindr\u00e0 lloc el 15 de juliol. El cim del Mont Caro, a 1.442 metres d\u2019altitud i a Roquetes, es convertir\u00e0 en la meta de l\u2019espectacular recorregut de la primera edici\u00f3 de la Cl\u00e0ssica Terres de [&hellip;]<\/p>\n","protected":false},"author":6,"featured_media":12546,"comment_status":"closed","ping_status":"closed","sticky":false,"template":"","format":"standard","meta":{"_et_pb_use_builder":"","_et_pb_old_content":"","_et_gb_content_width":"","footnotes":""},"categories":[21,34],"tags":[],"class_list":["post-12541","post","type-post","status-publish","format-standard","has-post-thumbnail","hentry","category-esport","category-portada"],"_links":{"self":[{"href":"https:\/\/roquetes.cat\/web\/wp-json\/wp\/v2\/posts\/12541","targetHints":{"allow":["GET"]}}],"collection":[{"href":"https:\/\/roquetes.cat\/web\/wp-json\/wp\/v2\/posts"}],"about":[{"href":"https:\/\/roquetes.cat\/web\/wp-json\/wp\/v2\/types\/post"}],"author":[{"embeddable":true,"href":"https:\/\/roquetes.cat\/web\/wp-json\/wp\/v2\/users\/6"}],"replies":[{"embeddable":true,"href":"https:\/\/roquetes.cat\/web\/wp-json\/wp\/v2\/comments?post=12541"}],"version-history":[{"count":1,"href":"https:\/\/roquetes.cat\/web\/wp-json\/wp\/v2\/posts\/12541\/revisions"}],"predecessor-version":[{"id":12547,"href":"https:\/\/roquetes.cat\/web\/wp-json\/wp\/v2\/posts\/12541\/revisions\/12547"}],"wp:featuredmedia":[{"embeddable":true,"href":"https:\/\/roquetes.cat\/web\/wp-json\/wp\/v2\/media\/12546"}],"wp:attachment":[{"href":"https:\/\/roquetes.cat\/web\/wp-json\/wp\/v2\/media?parent=12541"}],"wp:term":[{"taxonomy":"category","embeddable":true,"href":"https:\/\/roquetes.cat\/web\/wp-json\/wp\/v2\/categories?post=12541"},{"taxonomy":"post_tag","embeddable":true,"href":"https:\/\/roquetes.cat\/web\/wp-json\/wp\/v2\/tags?post=12541"}],"curies":[{"name":"wp","href":"https:\/\/api.w.org\/{rel}","templated":true}]}}