{"id":12271,"date":"2024-06-14T21:40:22","date_gmt":"2024-06-14T19:40:22","guid":{"rendered":"https:\/\/roquetes.cat\/web\/?p=12271"},"modified":"2024-06-14T21:40:22","modified_gmt":"2024-06-14T19:40:22","slug":"ecoroquetes-viu-la-primera-edicio-com-a-festa-de-gestio-ambiental-de-la-ciutat","status":"publish","type":"post","link":"https:\/\/roquetes.cat\/web\/ecoroquetes-viu-la-primera-edicio-com-a-festa-de-gestio-ambiental-de-la-ciutat\/","title":{"rendered":"EcoRoquetes viu la primera edici\u00f3 com a festa de gesti\u00f3 ambiental de la ciutat"},"content":{"rendered":"<h2>Infants i joves es consciencien amb jocs i tallers al voltant del reciclatge i la sostenibilitat, durant dos intensos dies a l\u2019Hort de Cruells i la Raval de Cristo.<\/h2>\n<p>\u00c8xit d\u2019aflu\u00e8ncia en la <strong>primera festa de la gesti\u00f3 ambiental a Roquetes.<\/strong> En la seva estrena, l\u2019<strong>EcoRoquetes 2024 <\/strong>ha viscut dos intensos dies d\u2019activitat, amb m\u00faltiples jocs i propostes on infants i joves, acompanyats per les seves fam\u00edlies, s\u2019han <strong>conscienciat al voltant del reciclatge i la sostenibilitat a trav\u00e9s de la diversi\u00f3. <\/strong><\/p>\n<p>L\u2019Hort de Cruells i els exteriors del Casal de la Raval de Cristo han estat els escenaris de l\u2019esdeveniment, organitzat per l\u2019\u00c0rea de Gesti\u00f3 Ambiental de l\u2019Ajuntament de Roquetes, amb el suport de l\u2019<strong>Ag\u00e8ncia Catalana de Residus.<\/strong><\/p>\n<p><img decoding=\"async\" class=\"alignnone size-full wp-image-12274 lazyload\" data-src=\"https:\/\/roquetes.cat\/web\/wp-content\/uploads\/2024\/06\/AU8A1661-1-scaled.jpg\" alt=\"\" width=\"2560\" height=\"1707\" data-srcset=\"https:\/\/roquetes.cat\/web\/wp-content\/uploads\/2024\/06\/AU8A1661-1-scaled.jpg 2560w, https:\/\/roquetes.cat\/web\/wp-content\/uploads\/2024\/06\/AU8A1661-1-1280x854.jpg 1280w, https:\/\/roquetes.cat\/web\/wp-content\/uploads\/2024\/06\/AU8A1661-1-980x653.jpg 980w, https:\/\/roquetes.cat\/web\/wp-content\/uploads\/2024\/06\/AU8A1661-1-480x320.jpg 480w\" data-sizes=\"(min-width: 0px) and (max-width: 480px) 480px, (min-width: 481px) and (max-width: 980px) 980px, (min-width: 981px) and (max-width: 1280px) 1280px, (min-width: 1281px) 2560px, 100vw\" src=\"data:image\/svg+xml;base64,PHN2ZyB3aWR0aD0iMSIgaGVpZ2h0PSIxIiB4bWxucz0iaHR0cDovL3d3dy53My5vcmcvMjAwMC9zdmciPjwvc3ZnPg==\" style=\"--smush-placeholder-width: 2560px; --smush-placeholder-aspect-ratio: 2560\/1707;\" \/><\/p>\n<p><strong>Protagonisme per a les escoles<\/strong><\/p>\n<p>En la festa han tingut especial protagonisme en la franja matinal els dos col\u00b7legis p\u00fablics del municipi, com s\u00f3n les <strong>escoles Mestre Marcel\u00b7l\u00ed Domingo<\/strong> i de la <strong>Raval de Cristo.<\/strong> Alumnes de totes les edats han gaudit de la part m\u00e9s l\u00fadica, aprenent sobre la classificaci\u00f3 adequada dels residus des de l\u2019interior d\u2019un inflable gegant.<\/p>\n<p><img decoding=\"async\" class=\"alignnone size-full wp-image-12275 lazyload\" data-src=\"https:\/\/roquetes.cat\/web\/wp-content\/uploads\/2024\/06\/AU8A1631-scaled.jpg\" alt=\"\" width=\"2560\" height=\"1707\" data-srcset=\"https:\/\/roquetes.cat\/web\/wp-content\/uploads\/2024\/06\/AU8A1631-scaled.jpg 2560w, https:\/\/roquetes.cat\/web\/wp-content\/uploads\/2024\/06\/AU8A1631-1280x854.jpg 1280w, https:\/\/roquetes.cat\/web\/wp-content\/uploads\/2024\/06\/AU8A1631-980x653.jpg 980w, https:\/\/roquetes.cat\/web\/wp-content\/uploads\/2024\/06\/AU8A1631-480x320.jpg 480w\" data-sizes=\"(min-width: 0px) and (max-width: 480px) 480px, (min-width: 481px) and (max-width: 980px) 980px, (min-width: 981px) and (max-width: 1280px) 1280px, (min-width: 1281px) 2560px, 100vw\" src=\"data:image\/svg+xml;base64,PHN2ZyB3aWR0aD0iMSIgaGVpZ2h0PSIxIiB4bWxucz0iaHR0cDovL3d3dy53My5vcmcvMjAwMC9zdmciPjwvc3ZnPg==\" style=\"--smush-placeholder-width: 2560px; --smush-placeholder-aspect-ratio: 2560\/1707;\" \/><\/p>\n<p><strong>Tallers de les entitats locals col\u00b7laboradores<\/strong><\/p>\n<p>Tanmateix, durant l\u2019<strong>EcoRoquetes 2024, <\/strong>diverses entitats locals mediambientals han ofert tallers, manualitats i demostracions per inspirar la ciutadania a adoptar un estil de vida verd i ecol\u00f2gic. Les entitats participants en aquesta primera edici\u00f3 del certamen han estat el <strong>Grup d\u2019Estudi i Protecci\u00f3 dels Ecosistemes Catalans (GEPEC), Obre\u2019t Ebre, Segona Volta <\/strong>i<strong> EducaPorts.<\/strong><\/p>\n<p><img decoding=\"async\" class=\"size-full wp-image-12276 lazyload\" data-src=\"https:\/\/roquetes.cat\/web\/wp-content\/uploads\/2024\/06\/Captura-de-pantalla-2024-06-14-a-les-21.16.08.jpg\" alt=\"\" width=\"1158\" height=\"970\" data-srcset=\"https:\/\/roquetes.cat\/web\/wp-content\/uploads\/2024\/06\/Captura-de-pantalla-2024-06-14-a-les-21.16.08.jpg 1158w, https:\/\/roquetes.cat\/web\/wp-content\/uploads\/2024\/06\/Captura-de-pantalla-2024-06-14-a-les-21.16.08-980x821.jpg 980w, https:\/\/roquetes.cat\/web\/wp-content\/uploads\/2024\/06\/Captura-de-pantalla-2024-06-14-a-les-21.16.08-480x402.jpg 480w\" data-sizes=\"(min-width: 0px) and (max-width: 480px) 480px, (min-width: 481px) and (max-width: 980px) 980px, (min-width: 981px) 1158px, 100vw\" src=\"data:image\/svg+xml;base64,PHN2ZyB3aWR0aD0iMSIgaGVpZ2h0PSIxIiB4bWxucz0iaHR0cDovL3d3dy53My5vcmcvMjAwMC9zdmciPjwvc3ZnPg==\" style=\"--smush-placeholder-width: 1158px; --smush-placeholder-aspect-ratio: 1158\/970;\" \/><\/p>\n<p><strong>Jordi Allepuz: \u201cBusc\u00e0vem que es pogu\u00e9s aprendre xalant\u201d<\/strong><\/p>\n<p>El regidor de Gesti\u00f3 Ambiental de Roquetes, <strong>Jordi Allepuz,<\/strong> s\u2019ha mostrat satisfet pel transcurs de la primera edici\u00f3 de l\u2019<strong>EcoRoquetes. <\/strong>\u201cBusc\u00e0vem que es pogu\u00e9s aprendre xalant, sobre pr\u00e0ctiques sostenibles cap al medi ambient i la cura del planeta, coincidint amb unes dates on se celebren molts de dies mundials relacionats amb la tem\u00e0tica\u201d, ha indicat.<\/p>\n<p>En la mateixa l\u00ednia, ha posat en valor i agra\u00eft la participaci\u00f3 activa de la ciutadania tant de Roquetes com de la Raval de Cristo durant els dos dies de l\u2019activitat, apuntant que des de l\u2019Ajuntament es treballar\u00e0 per poder consolidar i ampliar la programaci\u00f3 de la festa de cara els propers anys.<\/p>\n<p><img decoding=\"async\" class=\"alignnone size-full wp-image-12277 lazyload\" data-src=\"https:\/\/roquetes.cat\/web\/wp-content\/uploads\/2024\/06\/AU8A1737-scaled.jpg\" alt=\"\" width=\"2560\" height=\"1707\" data-srcset=\"https:\/\/roquetes.cat\/web\/wp-content\/uploads\/2024\/06\/AU8A1737-scaled.jpg 2560w, https:\/\/roquetes.cat\/web\/wp-content\/uploads\/2024\/06\/AU8A1737-1280x854.jpg 1280w, https:\/\/roquetes.cat\/web\/wp-content\/uploads\/2024\/06\/AU8A1737-980x653.jpg 980w, https:\/\/roquetes.cat\/web\/wp-content\/uploads\/2024\/06\/AU8A1737-480x320.jpg 480w\" data-sizes=\"(min-width: 0px) and (max-width: 480px) 480px, (min-width: 481px) and (max-width: 980px) 980px, (min-width: 981px) and (max-width: 1280px) 1280px, (min-width: 1281px) 2560px, 100vw\" src=\"data:image\/svg+xml;base64,PHN2ZyB3aWR0aD0iMSIgaGVpZ2h0PSIxIiB4bWxucz0iaHR0cDovL3d3dy53My5vcmcvMjAwMC9zdmciPjwvc3ZnPg==\" style=\"--smush-placeholder-width: 2560px; --smush-placeholder-aspect-ratio: 2560\/1707;\" \/><\/p>\n<p><img decoding=\"async\" class=\"size-full wp-image-12278 lazyload\" data-src=\"https:\/\/roquetes.cat\/web\/wp-content\/uploads\/2024\/06\/Captura-de-pantalla-2024-06-14-a-les-21.16.44.jpg\" alt=\"\" width=\"1376\" height=\"1090\" data-srcset=\"https:\/\/roquetes.cat\/web\/wp-content\/uploads\/2024\/06\/Captura-de-pantalla-2024-06-14-a-les-21.16.44.jpg 1376w, https:\/\/roquetes.cat\/web\/wp-content\/uploads\/2024\/06\/Captura-de-pantalla-2024-06-14-a-les-21.16.44-1280x1014.jpg 1280w, https:\/\/roquetes.cat\/web\/wp-content\/uploads\/2024\/06\/Captura-de-pantalla-2024-06-14-a-les-21.16.44-980x776.jpg 980w, https:\/\/roquetes.cat\/web\/wp-content\/uploads\/2024\/06\/Captura-de-pantalla-2024-06-14-a-les-21.16.44-480x380.jpg 480w\" data-sizes=\"(min-width: 0px) and (max-width: 480px) 480px, (min-width: 481px) and (max-width: 980px) 980px, (min-width: 981px) and (max-width: 1280px) 1280px, (min-width: 1281px) 1376px, 100vw\" src=\"data:image\/svg+xml;base64,PHN2ZyB3aWR0aD0iMSIgaGVpZ2h0PSIxIiB4bWxucz0iaHR0cDovL3d3dy53My5vcmcvMjAwMC9zdmciPjwvc3ZnPg==\" style=\"--smush-placeholder-width: 1376px; --smush-placeholder-aspect-ratio: 1376\/1090;\" \/><\/p>\n<p><img decoding=\"async\" class=\"size-full wp-image-12279 lazyload\" data-src=\"https:\/\/roquetes.cat\/web\/wp-content\/uploads\/2024\/06\/Captura-de-pantalla-2024-06-14-a-les-21.21.15.jpg\" alt=\"\" width=\"1380\" height=\"1046\" data-srcset=\"https:\/\/roquetes.cat\/web\/wp-content\/uploads\/2024\/06\/Captura-de-pantalla-2024-06-14-a-les-21.21.15.jpg 1380w, https:\/\/roquetes.cat\/web\/wp-content\/uploads\/2024\/06\/Captura-de-pantalla-2024-06-14-a-les-21.21.15-1280x970.jpg 1280w, https:\/\/roquetes.cat\/web\/wp-content\/uploads\/2024\/06\/Captura-de-pantalla-2024-06-14-a-les-21.21.15-980x743.jpg 980w, https:\/\/roquetes.cat\/web\/wp-content\/uploads\/2024\/06\/Captura-de-pantalla-2024-06-14-a-les-21.21.15-480x364.jpg 480w\" data-sizes=\"(min-width: 0px) and (max-width: 480px) 480px, (min-width: 481px) and (max-width: 980px) 980px, (min-width: 981px) and (max-width: 1280px) 1280px, (min-width: 1281px) 1380px, 100vw\" src=\"data:image\/svg+xml;base64,PHN2ZyB3aWR0aD0iMSIgaGVpZ2h0PSIxIiB4bWxucz0iaHR0cDovL3d3dy53My5vcmcvMjAwMC9zdmciPjwvc3ZnPg==\" style=\"--smush-placeholder-width: 1380px; --smush-placeholder-aspect-ratio: 1380\/1046;\" \/><\/p>\n<div id=\"attachment_12280\" style=\"width: 1166px\" class=\"wp-caption alignnone\"><img decoding=\"async\" aria-describedby=\"caption-attachment-12280\" class=\"size-full wp-image-12280 lazyload\" data-src=\"https:\/\/roquetes.cat\/web\/wp-content\/uploads\/2024\/06\/Captura-de-pantalla-2024-06-14-a-les-21.22.15.jpg\" alt=\"\" width=\"1156\" height=\"852\" data-srcset=\"https:\/\/roquetes.cat\/web\/wp-content\/uploads\/2024\/06\/Captura-de-pantalla-2024-06-14-a-les-21.22.15.jpg 1156w, https:\/\/roquetes.cat\/web\/wp-content\/uploads\/2024\/06\/Captura-de-pantalla-2024-06-14-a-les-21.22.15-980x722.jpg 980w, https:\/\/roquetes.cat\/web\/wp-content\/uploads\/2024\/06\/Captura-de-pantalla-2024-06-14-a-les-21.22.15-480x354.jpg 480w\" data-sizes=\"(min-width: 0px) and (max-width: 480px) 480px, (min-width: 481px) and (max-width: 980px) 980px, (min-width: 981px) 1156px, 100vw\" src=\"data:image\/svg+xml;base64,PHN2ZyB3aWR0aD0iMSIgaGVpZ2h0PSIxIiB4bWxucz0iaHR0cDovL3d3dy53My5vcmcvMjAwMC9zdmciPjwvc3ZnPg==\" style=\"--smush-placeholder-width: 1156px; --smush-placeholder-aspect-ratio: 1156\/852;\" \/><p id=\"caption-attachment-12280\" class=\"wp-caption-text\">Screenshot<\/p><\/div>\n","protected":false},"excerpt":{"rendered":"<p>Infants i joves es consciencien amb jocs i tallers al voltant del reciclatge i la sostenibilitat, durant dos intensos dies a l\u2019Hort de Cruells i la Raval de Cristo. \u00c8xit d\u2019aflu\u00e8ncia en la primera festa de la gesti\u00f3 ambiental a Roquetes. En la seva estrena, l\u2019EcoRoquetes 2024 ha viscut dos intensos dies d\u2019activitat, amb m\u00faltiples [&hellip;]<\/p>\n","protected":false},"author":6,"featured_media":12273,"comment_status":"closed","ping_status":"closed","sticky":false,"template":"","format":"standard","meta":{"_et_pb_use_builder":"","_et_pb_old_content":"","_et_gb_content_width":"","footnotes":""},"categories":[16,34],"tags":[],"class_list":["post-12271","post","type-post","status-publish","format-standard","has-post-thumbnail","hentry","category-medi-ambient","category-portada"],"_links":{"self":[{"href":"https:\/\/roquetes.cat\/web\/wp-json\/wp\/v2\/posts\/12271","targetHints":{"allow":["GET"]}}],"collection":[{"href":"https:\/\/roquetes.cat\/web\/wp-json\/wp\/v2\/posts"}],"about":[{"href":"https:\/\/roquetes.cat\/web\/wp-json\/wp\/v2\/types\/post"}],"author":[{"embeddable":true,"href":"https:\/\/roquetes.cat\/web\/wp-json\/wp\/v2\/users\/6"}],"replies":[{"embeddable":true,"href":"https:\/\/roquetes.cat\/web\/wp-json\/wp\/v2\/comments?post=12271"}],"version-history":[{"count":1,"href":"https:\/\/roquetes.cat\/web\/wp-json\/wp\/v2\/posts\/12271\/revisions"}],"predecessor-version":[{"id":12281,"href":"https:\/\/roquetes.cat\/web\/wp-json\/wp\/v2\/posts\/12271\/revisions\/12281"}],"wp:featuredmedia":[{"embeddable":true,"href":"https:\/\/roquetes.cat\/web\/wp-json\/wp\/v2\/media\/12273"}],"wp:attachment":[{"href":"https:\/\/roquetes.cat\/web\/wp-json\/wp\/v2\/media?parent=12271"}],"wp:term":[{"taxonomy":"category","embeddable":true,"href":"https:\/\/roquetes.cat\/web\/wp-json\/wp\/v2\/categories?post=12271"},{"taxonomy":"post_tag","embeddable":true,"href":"https:\/\/roquetes.cat\/web\/wp-json\/wp\/v2\/tags?post=12271"}],"curies":[{"name":"wp","href":"https:\/\/api.w.org\/{rel}","templated":true}]}}