{"id":11823,"date":"2024-05-08T09:30:34","date_gmt":"2024-05-08T07:30:34","guid":{"rendered":"https:\/\/roquetes.cat\/web\/?p=11823"},"modified":"2024-05-08T12:21:19","modified_gmt":"2024-05-08T10:21:19","slug":"oberta-la-preinscripcio-a-la-nova-llar-dinfants-la-caramella","status":"publish","type":"post","link":"https:\/\/roquetes.cat\/web\/oberta-la-preinscripcio-a-la-nova-llar-dinfants-la-caramella\/","title":{"rendered":"Oberta la preinscripci\u00f3 a la nova llar d\u2019infants \u2018La Caramella\u2019"},"content":{"rendered":"<h2>Les fam\u00edlies interessades podran presentar el formulari fins el pr\u00f2xim 21 de maig, per mitjans electr\u00f2nics o de manera presencial a l\u2019Ajuntament.<\/h2>\n<p>L\u2019Ajuntament de Roquetes inicia aquest dimecres dia 8 el <strong>per\u00edode de preinscripci\u00f3 a la nova llar d\u2019infants municipal \u2018La Caramella\u2019.<\/strong> Les fam\u00edlies interessades en el servei poden emplenar i presentar el formulari de sol\u00b7licitud fins el proper 21 de maig.<\/p>\n<table style=\"height: 46px; border-style: solid;\" border=\"1\">\n<tbody>\n<tr style=\"height: 23px;\">\n<td style=\"text-align: center; height: 23px; width: 670px;\"><strong>DESCARREGA FORMULARI<\/strong><\/td>\n<\/tr>\n<tr style=\"height: 23px;\">\n<td style=\"text-align: center; height: 23px; width: 670px;\"><strong><a href=\"https:\/\/roquetes.cat\/web\/?page_id=11799&amp;preview=true\">https:\/\/roquetes.cat\/web\/llar<\/a><\/strong><\/td>\n<\/tr>\n<\/tbody>\n<\/table>\n<p>&nbsp;<\/p>\n<p>La <strong>presentaci\u00f3<\/strong> del document s\u2019haur\u00e0 de fer <strong>a trav\u00e9s d\u2019inst\u00e0ncia gen\u00e8rica,<\/strong> mitjan\u00e7ant la seu electr\u00f2nica de l&#8217;Ajuntament.<\/p>\n<table style=\"height: 46px; border-style: solid;\" border=\"1\">\n<tbody>\n<tr style=\"height: 23px;\">\n<td style=\"text-align: center; height: 23px; width: 670px;\"><strong>INST\u00c0NCIA GEN\u00c8RICA<\/strong><\/td>\n<\/tr>\n<tr style=\"height: 23px;\">\n<td style=\"text-align: center; height: 23px; width: 670px;\"><a href=\"https:\/\/actio.dipta.cat\/catalegserveis\/id\/4313310007\/servei\/AT064_ATENC_00001?origen=seu\"><b>TRAMITAR<\/b><\/a><\/td>\n<\/tr>\n<\/tbody>\n<\/table>\n<p>&nbsp;<\/p>\n<p>A la vegada, tamb\u00e9 hi haur\u00e0 l\u2019opci\u00f3 de fer-ho de manera presencial, al registre general d\u2019entrada de l\u2019Ajuntament de Roquetes, en horari de dilluns a divendres, de 09.00 hores a 14.00 hores.<\/p>\n<p><strong>La documentaci\u00f3 a adjuntar<\/strong><\/p>\n<p>A m\u00e9s de la presentaci\u00f3 de la sol\u00b7licitud, en el tr\u00e0mit tamb\u00e9 ser\u00e0 necessari adjuntar la seg\u00fcent documentaci\u00f3:<\/p>\n<ul>\n<li>DNI o NIE de tots els titulars de la cust\u00f2dia de l\u2019infant.<\/li>\n<li>Llibre de fam\u00edlia dels titulars i de l\u2019infant o altres documents relatius a la filiaci\u00f3. Si est\u00e0 en situaci\u00f3 d\u2019acolliment, la resoluci\u00f3 d\u2019acolliment del Departament de Treball, Afers Socials i Fam\u00edlies.<\/li>\n<li>Si \u00e9s el cas, la sent\u00e8ncia ferma de separaci\u00f3, dissoluci\u00f3 o nul\u00b7litat matrimonial.<\/li>\n<li>El carnet de salut de l\u2019infant.<\/li>\n<li>Quan s\u2019al\u00b7legui el lloc de treball del pare, mare, tutor\/a al municipi de Roquetes: c\u00f2pia del contracte laboral o un certificat em\u00e8s a aquest efecte per l\u2019empresa. En el cas de treballadors en el r\u00e8gim d\u2019aut\u00f2noms, es tindr\u00e0 en compte el domicili acreditat a l\u2019Ag\u00e8ncia Tribut\u00e0ria i s\u2019acredita amb una c\u00f2pia del formulari de la declaraci\u00f3 censal d\u2019alta, modificaci\u00f3 i baixa en el cens d\u2019obligats tributaris (model 036 o 037).<\/li>\n<li>Segons pertoqui, cal presentar la documentaci\u00f3 que acredita el compliment dels criteris al\u00b7legats (situaci\u00f3 familiar, criteri complementari).<\/li>\n<\/ul>\n<p>Cal tenir en compte que nom\u00e9s es valoraran les circumst\u00e0ncies que s\u2019acreditin documentalment.<\/p>\n<p><strong>L\u2019inici de l\u2019activitat, el curs 2024-2025<\/strong><\/p>\n<p>Un cop iniciades recentment les obres de construcci\u00f3 de la nova llar d\u2019infants municipal \u2018La Caramella\u2019, en el solar adjacent al Centre C\u00edvic de la ciutat, la seva entrada en funcionament est\u00e0 prevista per al pr\u00f2xim mes de setembre, coincidint amb l\u2019inici del curs escolar 2024-2025.<\/p>\n<p>El <strong>n\u00famero de places ser\u00e0 de 41,<\/strong> distribu\u00efdes de la seg\u00fcent manera: 8 alumnes a I0, 13 alumnes a I1 i 20 alumnes a I2. L\u2019Ajuntament oferir\u00e0 el <strong>servei escolar gratu\u00eft per als alumnes d\u2019I2<\/strong> \u2013subvencionat pel Departament d\u2019Educaci\u00f3\u2013, mentre que les classes d\u2019I0 i I1 seran de pagament. Pr\u00f2ximament, s\u2019informar\u00e0 dels preus. Aix\u00ed mateix, el centre comptar\u00e0 amb 1 director\/a i 4 educadors\/es.<\/p>\n<p>El recinte disposar\u00e0 d\u2019una superf\u00edcie total de 800 metres quadrats. L\u2019equipament comptar\u00e0 amb un edifici de 400 metres quadrats, on s\u2019ubicaran tres aules, una per cada franja d\u2019edat. Alhora, tamb\u00e9 hi haur\u00e0 una sala polivalent, una cuina, una sala de direcci\u00f3 i tots els serveis necessaris.<\/p>\n<p><strong>M\u00e9s informaci\u00f3 i consultes<\/strong><\/p>\n<p>Per a m\u00e9s informaci\u00f3, les persones interessades poden trucar a l\u2019Ajuntament de Roquetes, al n\u00famero de tel\u00e8fon 977501511, o dirigir la seva consulta via correu electr\u00f2nic, a l\u2019adre\u00e7a llarlacaramella@roquetes.cat<\/p>\n","protected":false},"excerpt":{"rendered":"<p>Les fam\u00edlies interessades podran presentar el formulari fins el pr\u00f2xim 21 de maig, per mitjans electr\u00f2nics o de manera presencial a l\u2019Ajuntament. L\u2019Ajuntament de Roquetes inicia aquest dimecres dia 8 el per\u00edode de preinscripci\u00f3 a la nova llar d\u2019infants municipal \u2018La Caramella\u2019. Les fam\u00edlies interessades en el servei poden emplenar i presentar el formulari de [&hellip;]<\/p>\n","protected":false},"author":6,"featured_media":11819,"comment_status":"closed","ping_status":"closed","sticky":false,"template":"","format":"standard","meta":{"_et_pb_use_builder":"","_et_pb_old_content":"","_et_gb_content_width":"","footnotes":""},"categories":[19,34],"tags":[],"class_list":["post-11823","post","type-post","status-publish","format-standard","has-post-thumbnail","hentry","category-ensenyament","category-portada"],"_links":{"self":[{"href":"https:\/\/roquetes.cat\/web\/wp-json\/wp\/v2\/posts\/11823","targetHints":{"allow":["GET"]}}],"collection":[{"href":"https:\/\/roquetes.cat\/web\/wp-json\/wp\/v2\/posts"}],"about":[{"href":"https:\/\/roquetes.cat\/web\/wp-json\/wp\/v2\/types\/post"}],"author":[{"embeddable":true,"href":"https:\/\/roquetes.cat\/web\/wp-json\/wp\/v2\/users\/6"}],"replies":[{"embeddable":true,"href":"https:\/\/roquetes.cat\/web\/wp-json\/wp\/v2\/comments?post=11823"}],"version-history":[{"count":10,"href":"https:\/\/roquetes.cat\/web\/wp-json\/wp\/v2\/posts\/11823\/revisions"}],"predecessor-version":[{"id":11859,"href":"https:\/\/roquetes.cat\/web\/wp-json\/wp\/v2\/posts\/11823\/revisions\/11859"}],"wp:featuredmedia":[{"embeddable":true,"href":"https:\/\/roquetes.cat\/web\/wp-json\/wp\/v2\/media\/11819"}],"wp:attachment":[{"href":"https:\/\/roquetes.cat\/web\/wp-json\/wp\/v2\/media?parent=11823"}],"wp:term":[{"taxonomy":"category","embeddable":true,"href":"https:\/\/roquetes.cat\/web\/wp-json\/wp\/v2\/categories?post=11823"},{"taxonomy":"post_tag","embeddable":true,"href":"https:\/\/roquetes.cat\/web\/wp-json\/wp\/v2\/tags?post=11823"}],"curies":[{"name":"wp","href":"https:\/\/api.w.org\/{rel}","templated":true}]}}