{"id":11325,"date":"2024-01-04T13:10:36","date_gmt":"2024-01-04T11:10:36","guid":{"rendered":"https:\/\/roquetes.cat\/web\/?p=11325"},"modified":"2024-01-04T13:15:01","modified_gmt":"2024-01-04T11:15:01","slug":"manteniment-de-bicicletes-urbanes-de-mobilitat-urbana-habitual-30h","status":"publish","type":"post","link":"https:\/\/roquetes.cat\/web\/manteniment-de-bicicletes-urbanes-de-mobilitat-urbana-habitual-30h\/","title":{"rendered":"Manteniment de bicicletes urbanes de mobilitat urbana habitual (30h)"},"content":{"rendered":"<h3 style=\"text-align: left;\">Es tracta d\u2019una formaci\u00f3 inicial en el m\u00f3n de les bicicletes musculars i el\u00e8ctriques de mobilitat urbana. El tema de les bicicletes com a forma de mobilitat urbana habitual est\u00e0 m\u00e9s present que mai, per aix\u00f2 calen molts nous professionals.<img decoding=\"async\" data-src=\"https:\/\/static.xx.fbcdn.net\/images\/emoji.php\/v9\/tef\/2\/16\/1f6b4_200d_2642.png\" alt=\"\ud83d\udeb4\u200d\u2642\ufe0f\" width=\"16\" height=\"16\" src=\"data:image\/svg+xml;base64,PHN2ZyB3aWR0aD0iMSIgaGVpZ2h0PSIxIiB4bWxucz0iaHR0cDovL3d3dy53My5vcmcvMjAwMC9zdmciPjwvc3ZnPg==\" class=\"lazyload\" style=\"--smush-placeholder-width: 16px; --smush-placeholder-aspect-ratio: 16\/16;\" \/><\/h3>\n<p>&nbsp;<\/p>\n<h3>La necessitat de professionals per la reparaci\u00f3 i manteniment d\u2019aquestes bicicletes resulta clau per la descarbonitzaci\u00f3 de la mobilitat habitual a les zones urbanes. Les tend\u00e8ncies de mobilitat apunten un gran augment d&#8217;aquesta tipologia de vehicles.<\/h3>\n<p>&nbsp;<\/p>\n<h3>Aquest increment d\u2019usuaris \u00e9s fruit de la nova forma d\u2019entendre la mobilitat de les noves generacions.<\/h3>\n<p>&nbsp;<\/p>\n<h3>Inscriu-te fins el <strong>07\/01\/2024<\/strong><\/h3>\n<p>&nbsp;<\/p>\n<blockquote>\n<h4><span style=\"color: #3366ff;\"><strong>https:\/\/forms.gle\/BA2Z4yiWy4VtRPVE9<\/strong><\/span><\/h4>\n<\/blockquote>\n","protected":false},"excerpt":{"rendered":"<p>Es tracta d\u2019una formaci\u00f3 inicial en el m\u00f3n de les bicicletes musculars i el\u00e8ctriques de mobilitat urbana. El tema de les bicicletes com a forma de mobilitat urbana habitual est\u00e0 m\u00e9s present que mai, per aix\u00f2 calen molts nous professionals. &nbsp; La necessitat de professionals per la reparaci\u00f3 i manteniment d\u2019aquestes bicicletes resulta clau per [&hellip;]<\/p>\n","protected":false},"author":2,"featured_media":11312,"comment_status":"closed","ping_status":"closed","sticky":false,"template":"","format":"standard","meta":{"_et_pb_use_builder":"","_et_pb_old_content":"","_et_gb_content_width":"","footnotes":""},"categories":[35,34],"tags":[],"class_list":["post-11325","post","type-post","status-publish","format-standard","has-post-thumbnail","hentry","category-cursos","category-portada"],"_links":{"self":[{"href":"https:\/\/roquetes.cat\/web\/wp-json\/wp\/v2\/posts\/11325","targetHints":{"allow":["GET"]}}],"collection":[{"href":"https:\/\/roquetes.cat\/web\/wp-json\/wp\/v2\/posts"}],"about":[{"href":"https:\/\/roquetes.cat\/web\/wp-json\/wp\/v2\/types\/post"}],"author":[{"embeddable":true,"href":"https:\/\/roquetes.cat\/web\/wp-json\/wp\/v2\/users\/2"}],"replies":[{"embeddable":true,"href":"https:\/\/roquetes.cat\/web\/wp-json\/wp\/v2\/comments?post=11325"}],"version-history":[{"count":7,"href":"https:\/\/roquetes.cat\/web\/wp-json\/wp\/v2\/posts\/11325\/revisions"}],"predecessor-version":[{"id":11332,"href":"https:\/\/roquetes.cat\/web\/wp-json\/wp\/v2\/posts\/11325\/revisions\/11332"}],"wp:featuredmedia":[{"embeddable":true,"href":"https:\/\/roquetes.cat\/web\/wp-json\/wp\/v2\/media\/11312"}],"wp:attachment":[{"href":"https:\/\/roquetes.cat\/web\/wp-json\/wp\/v2\/media?parent=11325"}],"wp:term":[{"taxonomy":"category","embeddable":true,"href":"https:\/\/roquetes.cat\/web\/wp-json\/wp\/v2\/categories?post=11325"},{"taxonomy":"post_tag","embeddable":true,"href":"https:\/\/roquetes.cat\/web\/wp-json\/wp\/v2\/tags?post=11325"}],"curies":[{"name":"wp","href":"https:\/\/api.w.org\/{rel}","templated":true}]}}