{"id":10518,"date":"2023-10-21T05:00:31","date_gmt":"2023-10-21T03:00:31","guid":{"rendered":"https:\/\/roquetes.cat\/web\/?p=10518"},"modified":"2023-10-21T09:29:53","modified_gmt":"2023-10-21T07:29:53","slug":"dia-mundial-estalvi-energia","status":"publish","type":"post","link":"https:\/\/roquetes.cat\/web\/dia-mundial-estalvi-energia\/","title":{"rendered":"Les C\u00e0psules Tem\u00e0tiques Informatives pel Dia Mundial de l&#8217;estalvi d&#8217;energia (21\/10\/2023)"},"content":{"rendered":"<p>Davant la urg\u00e8ncia del repte del canvi clim\u00e0tic, l&#8217;Ajuntament de Roquetes es posiciona clarament a favor d&#8217;una transici\u00f3 energ\u00e8tica cap a un model energ\u00e8tic 100% renovable a l&#8217;horitz\u00f3 2030. Per aquest motiu, per tal d&#8217;assolir aquest objectiu, la participaci\u00f3 i corresponsabilitat dels roqueteros i roqueteres \u00e9s imprescindible.<\/p>\n<div align=\"justify\">La CTI que et presentem tracta el tema de l&#8217;estalvi energ\u00e8tic, i com totes les coses, cal saber abans de fer, aix\u00ed que et passem un seguit de recursos que et poden ajudar, n&#8217;hi ha molts m\u00e9s, per\u00f2 d&#8217;aquests segur que alguna cosa interessant en traur\u00e0s.<\/div>\n<ul>\n<li><span style=\"font-family: Arial; font-size: small;\"><span style=\"font-family: Arial; font-size: small;\"><a title=\"C\u00e0psules energ\u00e8tiques: servei de divulgaci\u00f3 de bones pr\u00e0ctiques a la ind\u00fastria\" href=\"https:\/\/icaen.gencat.cat\/ca\/l_icaen\/campanyes\/practiques_industria\/\" target=\"_blank\" rel=\"noopener noreferrer\">C\u00e0psules energ\u00e8tiques: servei de divulgaci\u00f3 de bones pr\u00e0ctiques a la ind\u00fastria<\/a><br \/>\n<a class=\"moz-txt-link-freetext\" href=\"https:\/\/icaen.gencat.cat\/ca\/l_icaen\/campanyes\/practiques_industria\/\" target=\"_blank\" rel=\"noopener noreferrer\">https:\/\/icaen.gencat.cat\/ca\/l_icaen\/campanyes\/practiques_industria\/<\/a><\/span><\/span><\/li>\n<li><span style=\"font-family: Arial; font-size: small;\"><span style=\"font-family: Arial; font-size: small;\"><a title=\"C\u00e0psules energ\u00e8tiques: servei de divulgaci\u00f3 de bones pr\u00e0ctiques a l'oficina\" href=\"https:\/\/icaen.gencat.cat\/ca\/l_icaen\/campanyes\/practiques_oficina\/\" target=\"_blank\" rel=\"noopener noreferrer\">C\u00e0psules energ\u00e8tiques: servei de divulgaci\u00f3 de bones pr\u00e0ctiques a l&#8217;oficina<\/a><br \/>\n<a class=\"moz-txt-link-freetext\" href=\"https:\/\/icaen.gencat.cat\/ca\/l_icaen\/campanyes\/practiques_oficina\/\" target=\"_blank\" rel=\"noopener noreferrer\">https:\/\/icaen.gencat.cat\/ca\/l_icaen\/campanyes\/practiques_oficina\/<\/a><\/span><\/span><\/li>\n<li><span style=\"font-family: Arial; font-size: small;\"><span style=\"font-family: Arial; font-size: small;\"><a title=\"La despesa energ\u00e8tica del teu habitatge\" href=\"https:\/\/icaen.gencat.cat\/ca\/l_icaen\/campanyes\/la-despesa-energetica-del-teu-habitatge\/\" target=\"_blank\" rel=\"noopener noreferrer\">La despesa energ\u00e8tica del teu habitatge<\/a><br \/>\n<a class=\"moz-txt-link-freetext\" href=\"https:\/\/icaen.gencat.cat\/ca\/l_icaen\/campanyes\/la-despesa-energetica-del-teu-habitatge\/\" target=\"_blank\" rel=\"noopener noreferrer\">https:\/\/icaen.gencat.cat\/ca\/l_icaen\/campanyes\/la-despesa-energetica-del-teu-habitatge\/<\/a><\/span><\/span><\/li>\n<li>Web de l&#8217;Institut Catal\u00e0 d&#8217;Energia de la Generalitat de Catalunya amb \u00e0mplia informaci\u00f3 dels usos de l&#8217;energia, ajuts i finan\u00e7ament, \u00e0mbit educatiu, etc.<br \/>\n<a class=\"moz-txt-link-freetext\" href=\"https:\/\/icaen.gencat.cat\/ca\/energia\/\" target=\"_blank\" rel=\"noopener noreferrer\">https:\/\/icaen.gencat.cat\/ca\/energia\/<\/a><\/li>\n<li><span style=\"font-family: Arial; font-size: small;\"><b>Jocs en l\u00ednia i material audiovisual amb car\u00e0cter educatiu<\/b>\u00a0(per a totes les edats i diversos nivells educatius)<br \/>\n<a class=\"moz-txt-link-freetext\" href=\"https:\/\/icaen.gencat.cat\/ca\/energia\/ambit_educatiu\/jocs_linia\/\" target=\"_blank\" rel=\"noopener noreferrer\">https:\/\/icaen.gencat.cat\/ca\/energia\/ambit_educatiu\/jocs_linia\/<br \/>\n<\/a><\/span><\/li>\n<li><b>Ajuts i finan\u00e7aments:<\/b>\n<ul>\n<li><a class=\"moz-txt-link-freetext\" href=\"https:\/\/icaen.gencat.cat\/ca\/energia\/ajuts\" target=\"_blank\" rel=\"noopener noreferrer\">https:\/\/icaen.gencat.cat\/ca\/energia\/ajuts<\/a><\/li>\n<li><a class=\"moz-txt-link-freetext\" href=\"https:\/\/www.idae.es\/ca\/ajuts-i-financament\" target=\"_blank\" rel=\"noopener noreferrer\">https:\/\/www.idae.es\/ca\/ajuts-i-financament<\/a><br \/>\nPer a l&#8217;impuls d&#8217;actuacions i projectes d&#8217;efici\u00e8ncia energ\u00e8tica i energies renovables, l&#8217;IDAE t\u00e9, entre les seves funcions, el\u00a0<strong>finan\u00e7ament<\/strong>\u00a0de projectes i el\u00a0<strong>desenvolupament i gesti\u00f3 de programes d&#8217;ajudes p\u00fabliques<\/strong>\u00a0que afecten els principals sectors consumidors d&#8217;energia.<\/li>\n<li><a class=\"moz-txt-link-freetext\" href=\"https:\/\/ayudasenergiaidae.es\/\" target=\"_blank\" rel=\"noopener noreferrer\">https:\/\/ayudasenergiaidae.es\/<\/a><\/li>\n<\/ul>\n<\/li>\n<li>Alguna cosa est\u00e0 canviant<br \/>\nWeb de l&#8217;IDAE que treballa per impulsar l&#8217;efici\u00e8ncia energ\u00e8tica i les energies renovables entre els ciutadans, les empreses i les administracions.<br \/>\n<a class=\"moz-txt-link-freetext\" href=\"https:\/\/algoestacambiando.es\/ca\" target=\"_blank\" rel=\"noopener noreferrer\">https:\/\/algoestacambiando.es\/ca<\/a><\/li>\n<li><b>Aula digital: Apr\u00e8n a estalviar energia<\/b><br \/>\nPlataforma de formaci\u00f3 online de l&#8217;IDAE (Instituto para la Diversificaci\u00f3n de Ahorro y Energ\u00eda) on podr\u00e0s apuntar-te 9 accions formatives molt interessants com:<\/p>\n<ul>\n<li><a class=\"moz-txt-link-freetext\" href=\"https:\/\/aprendecomoahorrarenergia.es\/campus\/?lang=en\" target=\"_blank\" rel=\"noopener noreferrer\">https:\/\/aprendecomoahorrarenergia.es\/<\/a>\n<ul>\n<li><a href=\"https:\/\/aprendecomoahorrarenergia.es\/campus\/course\/view.php?id=28\" target=\"_blank\" rel=\"noopener noreferrer\">Certificaci\u00f3 d&#8217;efici\u00e8ncia energ\u00e8tica d&#8217;edificis existents &#8211; Curs b\u00e0sic<\/a><\/li>\n<li><a href=\"https:\/\/aprendecomoahorrarenergia.es\/campus\/course\/view.php?id=27\" target=\"_blank\" rel=\"noopener noreferrer\">Autoconsum<\/a><\/li>\n<li><a href=\"https:\/\/aprendecomoahorrarenergia.es\/campus\/course\/view.php?id=18\" target=\"_blank\" rel=\"noopener noreferrer\">Certificaci\u00f3 d&#8217;efici\u00e8ncia energ\u00e8tica d&#8217;edificis existents &#8211; Curs b\u00e0sic (RD 235\/2013)<\/a><\/li>\n<li><a href=\"https:\/\/aprendecomoahorrarenergia.es\/campus\/course\/view.php?id=6\" target=\"_blank\" rel=\"noopener noreferrer\">Estalvia energia amb els teus electrodom\u00e8stics<\/a><\/li>\n<li><a href=\"https:\/\/aprendecomoahorrarenergia.es\/campus\/course\/view.php?id=3\" target=\"_blank\" rel=\"noopener noreferrer\">Com estalviar energia al teu lloc de treball<\/a><\/li>\n<li><a href=\"https:\/\/aprendecomoahorrarenergia.es\/campus\/course\/view.php?id=13\" target=\"_blank\" rel=\"noopener noreferrer\">Comunitats de ve\u00efns: instal\u00b7lacions centralitzades de calefacci\u00f3 i ACS<\/a><\/li>\n<li><a href=\"https:\/\/aprendecomoahorrarenergia.es\/campus\/course\/view.php?id=9\" target=\"_blank\" rel=\"noopener noreferrer\">Mesures d&#8217;estalvi energ\u00e8tic en calefacci\u00f3, acs i energia solar t\u00e8rmica<\/a><\/li>\n<li><a href=\"https:\/\/aprendecomoahorrarenergia.es\/campus\/course\/view.php?id=11\" target=\"_blank\" rel=\"noopener noreferrer\">Mesures d&#8217;estalvi energ\u00e8tic en il\u00b7luminaci\u00f3 interior d&#8217;edificis<\/a><\/li>\n<li><a href=\"https:\/\/aprendecomoahorrarenergia.es\/campus\/course\/view.php?id=12\" target=\"_blank\" rel=\"noopener noreferrer\">El teu habitatge: instal\u00b7lacions de calefacci\u00f3 i aigua calenta sanit\u00e0ria<\/a><\/li>\n<li><a href=\"https:\/\/aprendecomoahorrarenergia.es\/campus\/course\/view.php?id=20\" target=\"_blank\" rel=\"noopener noreferrer\">\u00das eficient del cotxe<\/a><\/li>\n<\/ul>\n<\/li>\n<\/ul>\n<\/li>\n<li>T&#8217;agradaria construir solucions que donin resposta al canvi clim\u00e0tic?<br \/>\n<i class=\"emoji\"><b>\ud83d\udcdd<\/b><\/i>\u00a0S&#8217;han enviat 20.000 invitacions per inscriure&#8217;s a l&#8217;<b>Assemblea Ciutadana pel Clima de Catalunya<\/b>.<br \/>\nUn cop tothom s&#8217;hagi inscrit, es far\u00e0 un sorteig per triar les 100 persones que constituiran l&#8217;assemblea.<br \/>\nParticiparan en 6 sessions que tractaran 2 grans temes:<br \/>\n<i class=\"emoji\"><b>\u00a0\u00a0\u00a0\u00a0 \u26a1\ufe0f<\/b><\/i>\u00a0Energies renovables<br \/>\n<i class=\"emoji\"><b>\u00a0\u00a0\u00a0\u00a0 \ud83c\udf3d<\/b><\/i>\u00a0Model agroalimentari<br \/>\nSi reps la carta, no t&#8217;ho pensis. La teva veu \u00e9s canvi!\u00a0<a href=\"http:\/\/participa.gencat.cat\/assembleaclima\" target=\"_blank\" rel=\"noopener noreferrer\">participa.gencat.cat\/assembleaclima<br \/>\nData l\u00edmit d&#8217;inscripcions:\u00a0<strong>22 d&#8217;octubre de 2023<\/strong>.<br \/>\n<\/a><a class=\"moz-txt-link-freetext\" href=\"https:\/\/participa.gencat.cat\/processes\/assembleaclima\/f\/3825\/\" target=\"_blank\" rel=\"noopener noreferrer\">https:\/\/participa.gencat.cat\/processes\/assembleaclima\/f\/3825\/<\/a><\/li>\n<\/ul>\n<p><img decoding=\"async\" class=\"aligncenter wp-image-10522 lazyload\" data-src=\"https:\/\/roquetes.cat\/web\/wp-content\/uploads\/2023\/10\/assemblea_ciutada_clima_catalunya.jpg\" alt=\"\" width=\"450\" height=\"451\" src=\"data:image\/svg+xml;base64,PHN2ZyB3aWR0aD0iMSIgaGVpZ2h0PSIxIiB4bWxucz0iaHR0cDovL3d3dy53My5vcmcvMjAwMC9zdmciPjwvc3ZnPg==\" style=\"--smush-placeholder-width: 450px; --smush-placeholder-aspect-ratio: 450\/451;\" \/><\/p>\n","protected":false},"excerpt":{"rendered":"<p>Davant la urg\u00e8ncia del repte del canvi clim\u00e0tic, l&#8217;Ajuntament de Roquetes es posiciona clarament a favor d&#8217;una transici\u00f3 energ\u00e8tica cap a un model energ\u00e8tic 100% renovable a l&#8217;horitz\u00f3 2030. Per aquest motiu, per tal d&#8217;assolir aquest objectiu, la participaci\u00f3 i corresponsabilitat dels roqueteros i roqueteres \u00e9s imprescindible. La CTI que et presentem tracta el tema [&hellip;]<\/p>\n","protected":false},"author":2,"featured_media":10523,"comment_status":"closed","ping_status":"closed","sticky":false,"template":"","format":"standard","meta":{"_et_pb_use_builder":"","_et_pb_old_content":"","_et_gb_content_width":"","footnotes":""},"categories":[16,34],"tags":[],"class_list":["post-10518","post","type-post","status-publish","format-standard","has-post-thumbnail","hentry","category-medi-ambient","category-portada"],"_links":{"self":[{"href":"https:\/\/roquetes.cat\/web\/wp-json\/wp\/v2\/posts\/10518","targetHints":{"allow":["GET"]}}],"collection":[{"href":"https:\/\/roquetes.cat\/web\/wp-json\/wp\/v2\/posts"}],"about":[{"href":"https:\/\/roquetes.cat\/web\/wp-json\/wp\/v2\/types\/post"}],"author":[{"embeddable":true,"href":"https:\/\/roquetes.cat\/web\/wp-json\/wp\/v2\/users\/2"}],"replies":[{"embeddable":true,"href":"https:\/\/roquetes.cat\/web\/wp-json\/wp\/v2\/comments?post=10518"}],"version-history":[{"count":6,"href":"https:\/\/roquetes.cat\/web\/wp-json\/wp\/v2\/posts\/10518\/revisions"}],"predecessor-version":[{"id":10526,"href":"https:\/\/roquetes.cat\/web\/wp-json\/wp\/v2\/posts\/10518\/revisions\/10526"}],"wp:featuredmedia":[{"embeddable":true,"href":"https:\/\/roquetes.cat\/web\/wp-json\/wp\/v2\/media\/10523"}],"wp:attachment":[{"href":"https:\/\/roquetes.cat\/web\/wp-json\/wp\/v2\/media?parent=10518"}],"wp:term":[{"taxonomy":"category","embeddable":true,"href":"https:\/\/roquetes.cat\/web\/wp-json\/wp\/v2\/categories?post=10518"},{"taxonomy":"post_tag","embeddable":true,"href":"https:\/\/roquetes.cat\/web\/wp-json\/wp\/v2\/tags?post=10518"}],"curies":[{"name":"wp","href":"https:\/\/api.w.org\/{rel}","templated":true}]}}